{"id":2958,"date":"2022-06-20T10:31:49","date_gmt":"2022-06-20T08:31:49","guid":{"rendered":"http:\/\/pkas.cz\/?p=2958"},"modified":"2022-06-21T07:31:20","modified_gmt":"2022-06-21T05:31:20","slug":"mcr-junioru-a-dorostu-gigant","status":"publish","type":"post","link":"http:\/\/pkas.cz\/?p=2958","title":{"rendered":"M\u010cR junior\u016f a dorostu &#8211; GIGANT"},"content":{"rendered":"<h1>M\u010cR junior\u016f a dorostu &#8211; GIGANT<\/h1>\n<p><img loading=\"lazy\" decoding=\"async\" class=\"alignnone size-medium wp-image-2961\" src=\"http:\/\/pkas.cz\/wp-content\/uploads\/2022\/06\/MEDAILISTE-akSKODAjpg-300x300.jpg\" alt=\"\" width=\"300\" height=\"300\" srcset=\"http:\/\/pkas.cz\/wp-content\/uploads\/2022\/06\/MEDAILISTE-akSKODAjpg-300x300.jpg 300w, http:\/\/pkas.cz\/wp-content\/uploads\/2022\/06\/MEDAILISTE-akSKODAjpg-150x150.jpg 150w, http:\/\/pkas.cz\/wp-content\/uploads\/2022\/06\/MEDAILISTE-akSKODAjpg.jpg 526w\" sizes=\"(max-width: 300px) 100vw, 300px\" \/> <img loading=\"lazy\" decoding=\"async\" class=\"alignnone size-medium wp-image-2962\" src=\"http:\/\/pkas.cz\/wp-content\/uploads\/2022\/06\/SKODA-PLZEn2-225x300.jpg\" alt=\"\" width=\"225\" height=\"300\" srcset=\"http:\/\/pkas.cz\/wp-content\/uploads\/2022\/06\/SKODA-PLZEn2-225x300.jpg 225w, http:\/\/pkas.cz\/wp-content\/uploads\/2022\/06\/SKODA-PLZEn2.jpg 526w\" sizes=\"(max-width: 225px) 100vw, 225px\" \/><img loading=\"lazy\" decoding=\"async\" class=\"alignnone size-medium wp-image-2964\" src=\"http:\/\/pkas.cz\/wp-content\/uploads\/2022\/06\/kubouskova-300x300.jpg\" alt=\"\" width=\"300\" height=\"300\" srcset=\"http:\/\/pkas.cz\/wp-content\/uploads\/2022\/06\/kubouskova-300x300.jpg 300w, http:\/\/pkas.cz\/wp-content\/uploads\/2022\/06\/kubouskova-150x150.jpg 150w, http:\/\/pkas.cz\/wp-content\/uploads\/2022\/06\/kubouskova.jpg 526w\" sizes=\"(max-width: 300px) 100vw, 300px\" \/><\/p>\n<p>fotozdroj Facebook AK \u0160KODA Plze\u0148, Jan Ledvina<\/p>\n<p>Ostrava hostila 18. a 19. \u010dervna rozsahem nejv\u011bt\u0161\u00ed mistrovskou atletickou akci &#8211; M\u010cR junior\u016f a dorostu. Poj\u010fme se poohl\u00e9dnout za poveden\u00fdmi a medail\u00ed ocen\u011bn\u00fdmi v\u00fdkony:<\/p>\n<p>Asi nejv\u011bt\u0161\u00edm p\u0159\u00edjemn\u00fdm p\u0159ekvapen\u00edm byla <strong>Valerie Dzurov\u00e1<\/strong>, kter\u00e1 dos\u00e1hla na n\u00e1rodn\u00ed rekord v b\u011bhu na 300m p\u0159., kter\u00fd m\u00e1 nyn\u00ed hodnotu &#8211; 41,49s. Dosavadn\u00ed maximu sv\u00e9 p\u0159edch\u016fdkyn\u011b Jany Reissov\u00e9 p\u0159ekonala o celou p\u016fl vte\u0159inu.<\/p>\n<p><a href=\"https:\/\/youtu.be\/RkJKXCz7p1o\">Koment\u00e1\u0159 Val\u00e9rie<\/a><\/p>\n<p>Z letenky do Jeruzal\u00e9ma na ME U 18 se m\u016f\u017ee t\u011b\u0161it tak\u00e9 <strong>Magdal\u00e9na Hellmayerov\u00e1<\/strong> v o\u0161t\u011bpu, jen\u017e vyhr\u00e1la v\u00fdkonem 51,13m a <strong>Viktorie J\u00e1nsk\u00e1 <\/strong>na 100m p\u0159., jen\u017e zab\u011bhla za v\u00edt\u011bzn\u00fdch 13,65s.\u00a0 Viktorie zaznamenala mistrovsk\u00fd double, kdy\u017e vyhr\u00e1la i d\u00e1lka za v\u00fdkon 579 cm.<\/p>\n<p>P\u0159ehled medail\u00ed:<\/p>\n<p><strong>ZLATO\u00a0<\/strong><\/p>\n<p><strong>Valerie Dzurov\u00e1<\/strong> &#8211; 300m p\u0159. dky &#8211; 41,49s &#8211; NR<\/p>\n<p><strong>Magdal\u00e9na Hellmyaerov\u00e1 &#8211; <\/strong>o\u0161t\u011bp dky &#8211; 51,13m<\/p>\n<p><strong>Viktorie J\u00e1nsk\u00e1 &#8211; <\/strong>100m p\u0159. dky &#8211; 13,65s<\/p>\n<p><strong>Viktorie J\u00e1nsk\u00e1 &#8211; <\/strong>d\u00e1lka dky &#8211; 579cm<\/p>\n<p><strong>Petra Si\u010dakov\u00e1<\/strong> &#8211; o\u0161t\u011bp jky &#8211;\u00a0 49,82m<\/p>\n<p><strong>Ond\u0159ej M\u00edka <\/strong>&#8211; 200m j. &#8211; 21,44s<\/p>\n<p><strong>Tom\u00e1\u0161 Proch\u00e1zka<\/strong> &#8211; vrh koul\u00ed j &#8211; 18, 24m<\/p>\n<p><strong>Jarom\u00edr Mor\u00e1vek<\/strong> &#8211; ch\u016fze na 10 000m\u00a0 jun &#8211; 44:28.46<\/p>\n<p><strong>Jan \u0160karban<\/strong> &#8211; 2000m p\u0159. dci &#8211; 5:57.18<\/p>\n<p><strong>\u0161tafeta 4x100m dky &#8211; <\/strong>K\u00e1rn\u00edkov\u00e1 A., B\u00f6hmov\u00e1 S., J\u00e1nsk\u00e1 V., Salcmanov\u00e1 K. &#8211; 46,85s<\/p>\n<p><strong>ST\u0158\u00cdBRO<\/strong><\/p>\n<p><strong>Nick Vr\u00e1nek<\/strong> &#8211; kladivo j &#8211; 63,27m<\/p>\n<p><strong>Vendula Hole\u010dkov\u00e1<\/strong> &#8211; kladivo jky &#8211; 54,22m<\/p>\n<p><strong>Lucie Kubecov\u00e1 <\/strong>&#8211; M\u00edla\u0159i Doma\u017elice &#8211; 800m dky &#8211; 2:15.72<\/p>\n<p><strong>Jan \u0160mrha <\/strong>&#8211; AC Doma\u017elice &#8211; 400m dci &#8211; 49,59s<\/p>\n<p><strong>\u0161tafeta 4x400m dky<\/strong> &#8211; Dzurov\u00e1 V., Matou\u0161kov\u00e1 A., Lobovsk\u00e1 L., K\u00e1rn\u00edkov\u00e1 A. &#8211; 3:56.40<\/p>\n<p>&nbsp;<\/p>\n<p><strong>BRONZ<\/strong><\/p>\n<p><strong>Kate\u0159ina Salzmannov\u00e1<\/strong> &#8211; d\u00e1lka dky &#8211; 556cm<\/p>\n<p><strong>Simona Kubou\u0161kov\u00e1 <\/strong>&#8211; AC Doma\u017elice &#8211; kladivo jky &#8211; 49,22m<\/p>\n<p><strong>Anna S\u00fdkorov\u00e1<\/strong> &#8211; kladivo dky &#8211; 53,95m<\/p>\n<p><strong>Jan Riegel\u00a0 <\/strong>&#8211; AC Doma\u017elice &#8211; 3000m dci &#8211; 8:55,47<\/p>\n<p><strong>Michal Pergler<\/strong> &#8211; AC Doma\u017elice &#8211; 800m dci &#8211; 1.54,79<\/p>\n<p><strong>Jon\u00e1\u0161 Fleisig &#8211; 1<\/strong>00m dci &#8211; 10,92s<\/p>\n<p><strong>Jon\u00e1\u0161 Fleisig &#8211; <\/strong>200m dci &#8211; 22,28s<\/p>\n<p><strong>\u0161tafeta 4x400m jky<\/strong> &#8211; TJ Sokol Plze\u0148 &#8211; Pet\u0159\u00edn &#8211; Vimmerov\u00e1 N., Viktorov\u00e1 B., Lafatov\u00e1 K., Rychl\u00edkov\u00e1 A. &#8211; 3:53.32<\/p>\n<p><strong>\u0161tafeta 4x100m j<\/strong> &#8211; M\u00edka O., Fleisig J., Malina B., Peterka J. &#8211; 41,38s<\/p>\n<p>Pokud nen\u00ed uvedeno jinak, tak medailist\u00e9 reprezentuj\u00ed klub AK \u0160KODA Plze\u0148.<\/p>\n<p><a href=\"https:\/\/online.atletika.cz\/vysledky\/48373\/60\">V\u00ddSLEDKY z M\u010cR<\/a><\/p>\n<p>&nbsp;<\/p>\n","protected":false},"excerpt":{"rendered":"<p>M\u010cR junior\u016f a dorostu &#8211; GIGANT fotozdroj Facebook AK \u0160KODA Plze\u0148, Jan Ledvina Ostrava hostila 18. a 19. \u010dervna rozsahem nejv\u011bt\u0161\u00ed mistrovskou atletickou akci &#8211;&hellip;<\/p>\n","protected":false},"author":2,"featured_media":2961,"comment_status":"closed","ping_status":"closed","sticky":false,"template":"","format":"standard","meta":{"footnotes":""},"categories":[1],"tags":[],"jetpack_sharing_enabled":true,"jetpack_featured_media_url":"http:\/\/pkas.cz\/wp-content\/uploads\/2022\/06\/MEDAILISTE-akSKODAjpg.jpg","_links":{"self":[{"href":"http:\/\/pkas.cz\/index.php?rest_route=\/wp\/v2\/posts\/2958"}],"collection":[{"href":"http:\/\/pkas.cz\/index.php?rest_route=\/wp\/v2\/posts"}],"about":[{"href":"http:\/\/pkas.cz\/index.php?rest_route=\/wp\/v2\/types\/post"}],"author":[{"embeddable":true,"href":"http:\/\/pkas.cz\/index.php?rest_route=\/wp\/v2\/users\/2"}],"replies":[{"embeddable":true,"href":"http:\/\/pkas.cz\/index.php?rest_route=%2Fwp%2Fv2%2Fcomments&post=2958"}],"version-history":[{"count":6,"href":"http:\/\/pkas.cz\/index.php?rest_route=\/wp\/v2\/posts\/2958\/revisions"}],"predecessor-version":[{"id":2967,"href":"http:\/\/pkas.cz\/index.php?rest_route=\/wp\/v2\/posts\/2958\/revisions\/2967"}],"wp:featuredmedia":[{"embeddable":true,"href":"http:\/\/pkas.cz\/index.php?rest_route=\/wp\/v2\/media\/2961"}],"wp:attachment":[{"href":"http:\/\/pkas.cz\/index.php?rest_route=%2Fwp%2Fv2%2Fmedia&parent=2958"}],"wp:term":[{"taxonomy":"category","embeddable":true,"href":"http:\/\/pkas.cz\/index.php?rest_route=%2Fwp%2Fv2%2Fcategories&post=2958"},{"taxonomy":"post_tag","embeddable":true,"href":"http:\/\/pkas.cz\/index.php?rest_route=%2Fwp%2Fv2%2Ftags&post=2958"}],"curies":[{"name":"wp","href":"https:\/\/api.w.org\/{rel}","templated":true}]}}