{"id":2950,"date":"2022-06-20T08:43:54","date_gmt":"2022-06-20T06:43:54","guid":{"rendered":"http:\/\/pkas.cz\/?p=2950"},"modified":"2022-06-20T08:44:22","modified_gmt":"2022-06-20T06:44:22","slug":"om-druzstev-dospelych-a-starsiho-zactva","status":"publish","type":"post","link":"http:\/\/pkas.cz\/?p=2950","title":{"rendered":"OM dru\u017estev dosp\u011bl\u00fdch a star\u0161\u00edho \u017eactva"},"content":{"rendered":"<h1>OM dru\u017estev dosp\u011bl\u00fdch a star\u0161\u00edho \u017eactva<\/h1>\n<figure id=\"attachment_717\" aria-describedby=\"caption-attachment-717\" style=\"width: 300px\" class=\"wp-caption alignnone\"><img loading=\"lazy\" decoding=\"async\" class=\"size-medium wp-image-717\" src=\"http:\/\/pkas.cz\/wp-content\/uploads\/2020\/01\/PKAS_logo-pr\u016fhledn\u00fd-300x181.png\" alt=\"logo_new\" width=\"300\" height=\"181\" srcset=\"http:\/\/pkas.cz\/wp-content\/uploads\/2020\/01\/PKAS_logo-pr\u016fhledn\u00fd-300x181.png 300w, http:\/\/pkas.cz\/wp-content\/uploads\/2020\/01\/PKAS_logo-pr\u016fhledn\u00fd.png 533w\" sizes=\"(max-width: 300px) 100vw, 300px\" \/><figcaption id=\"caption-attachment-717\" class=\"wp-caption-text\">Nov\u00e9 logo PKAS<\/figcaption><\/figure>\n<p>Uplynul\u00fd v\u00edkend prob\u011bhla dal\u0161\u00ed kola OM dru\u017estev:<\/p>\n<p>V sobotu 18.6. se v N\u00fd\u0159anech konalo p\u0159elo\u017een\u00e9 t\u0159et\u00ed kolo OM dru\u017estev mu\u017e\u016f a \u017een.<\/p>\n<p><a href=\"https:\/\/online.atletika.cz\/vysledky\/63241\">V\u00ddSLEDKY<\/a>\u00a0 z\u00e1vodu<\/p>\n<p><a href=\"http:\/\/pkas.cz\/wp-content\/uploads\/2022\/06\/zpravodaj-c.-3-2022.doc\">ZPRAVODAJ \u0158P PO 3 KOLECH<\/a><\/p>\n<p>&nbsp;<\/p>\n<p>Ji\u017e v \u00fater\u00fd 14.6. se v Klatovech uskute\u010dnilo druh\u00e9 kolo OM dru\u017estev star\u0161\u00edho \u017eactva<\/p>\n<p>P\u0159in\u00e1\u0161\u00edme <a href=\"https:\/\/online.atletika.cz\/vysledky\/63242\">V\u00ddSLEDKY<\/a> a tak\u00e9 <a href=\"http:\/\/pkas.cz\/wp-content\/uploads\/2022\/06\/Zpravodaj-c-3_2kolo-KMD-STZ.docx\">ZPRAVODAJ \u0158P<\/a><\/p>\n<p>&nbsp;<\/p>\n","protected":false},"excerpt":{"rendered":"<p>OM dru\u017estev dosp\u011bl\u00fdch a star\u0161\u00edho \u017eactva Uplynul\u00fd v\u00edkend prob\u011bhla dal\u0161\u00ed kola OM dru\u017estev: V sobotu 18.6. se v N\u00fd\u0159anech konalo p\u0159elo\u017een\u00e9 t\u0159et\u00ed kolo OM dru\u017estev&hellip;<\/p>\n","protected":false},"author":2,"featured_media":717,"comment_status":"closed","ping_status":"closed","sticky":false,"template":"","format":"standard","meta":{"footnotes":""},"categories":[1],"tags":[],"jetpack_sharing_enabled":true,"jetpack_featured_media_url":"http:\/\/pkas.cz\/wp-content\/uploads\/2020\/01\/PKAS_logo-pr\u016fhledn\u00fd.png","_links":{"self":[{"href":"http:\/\/pkas.cz\/index.php?rest_route=\/wp\/v2\/posts\/2950"}],"collection":[{"href":"http:\/\/pkas.cz\/index.php?rest_route=\/wp\/v2\/posts"}],"about":[{"href":"http:\/\/pkas.cz\/index.php?rest_route=\/wp\/v2\/types\/post"}],"author":[{"embeddable":true,"href":"http:\/\/pkas.cz\/index.php?rest_route=\/wp\/v2\/users\/2"}],"replies":[{"embeddable":true,"href":"http:\/\/pkas.cz\/index.php?rest_route=%2Fwp%2Fv2%2Fcomments&post=2950"}],"version-history":[{"count":2,"href":"http:\/\/pkas.cz\/index.php?rest_route=\/wp\/v2\/posts\/2950\/revisions"}],"predecessor-version":[{"id":2954,"href":"http:\/\/pkas.cz\/index.php?rest_route=\/wp\/v2\/posts\/2950\/revisions\/2954"}],"wp:featuredmedia":[{"embeddable":true,"href":"http:\/\/pkas.cz\/index.php?rest_route=\/wp\/v2\/media\/717"}],"wp:attachment":[{"href":"http:\/\/pkas.cz\/index.php?rest_route=%2Fwp%2Fv2%2Fmedia&parent=2950"}],"wp:term":[{"taxonomy":"category","embeddable":true,"href":"http:\/\/pkas.cz\/index.php?rest_route=%2Fwp%2Fv2%2Fcategories&post=2950"},{"taxonomy":"post_tag","embeddable":true,"href":"http:\/\/pkas.cz\/index.php?rest_route=%2Fwp%2Fv2%2Ftags&post=2950"}],"curies":[{"name":"wp","href":"https:\/\/api.w.org\/{rel}","templated":true}]}}