{"id":2943,"date":"2022-06-14T09:30:29","date_gmt":"2022-06-14T07:30:29","guid":{"rendered":"http:\/\/pkas.cz\/?p=2943"},"modified":"2022-06-14T09:30:29","modified_gmt":"2022-06-14T07:30:29","slug":"beh-historickym-stribrem-4-dil-bezeckeho-poharu-mladeze","status":"publish","type":"post","link":"http:\/\/pkas.cz\/?p=2943","title":{"rendered":"B\u011bh historick\u00fdm St\u0159\u00edbrem &#8211; 4. d\u00edl B\u011b\u017eeck\u00e9ho poh\u00e1ru ml\u00e1de\u017ee"},"content":{"rendered":"<h1>B\u011bh historick\u00fdm St\u0159\u00edbrem &#8211; 4. d\u00edl B\u011b\u017eeck\u00e9ho poh\u00e1ru ml\u00e1de\u017ee<\/h1>\n<figure id=\"attachment_717\" aria-describedby=\"caption-attachment-717\" style=\"width: 300px\" class=\"wp-caption alignnone\"><img loading=\"lazy\" decoding=\"async\" class=\"size-medium wp-image-717\" src=\"http:\/\/pkas.cz\/wp-content\/uploads\/2020\/01\/PKAS_logo-pr\u016fhledn\u00fd-300x181.png\" alt=\"logo_new\" width=\"300\" height=\"181\" srcset=\"http:\/\/pkas.cz\/wp-content\/uploads\/2020\/01\/PKAS_logo-pr\u016fhledn\u00fd-300x181.png 300w, http:\/\/pkas.cz\/wp-content\/uploads\/2020\/01\/PKAS_logo-pr\u016fhledn\u00fd.png 533w\" sizes=\"(max-width: 300px) 100vw, 300px\" \/><figcaption id=\"caption-attachment-717\" class=\"wp-caption-text\">Nov\u00e9 logo PKAS<\/figcaption><\/figure>\n<p>V ned\u011bli se ve St\u0159\u00edb\u0159e v r\u00e1mci m\u00edstn\u00edch slavnost\u00ed uskute\u010dnil dal\u0161\u00ed d\u00edl B\u011b\u017eeck\u00e9ho poh\u00e1ru Plze\u0148sk\u00e9ho kraje.<\/p>\n<p>P\u0159in\u00e1\u0161\u00edme <a href=\"http:\/\/www.pro-sport.cz\/sites\/PRO-SPORT.cz\/\/repository\/V__sledky_B__h_historick__m_St____brem.xls\">V\u00ddSLEDKY<\/a> poh\u00e1rov\u00fdch kategori\u00ed<\/p>\n<p><a href=\"https:\/\/svstribro.webnode.cz\/_files\/200024558-c0e06c0e08\/B%C4%9Bh%20historick%C3%BDm%20St%C5%99%C3%ADbrem%202022.pdf\">V\u00ddSLEDKY<\/a> hlavn\u00edho z\u00e1vodu<\/p>\n<p>a tak\u00e9 <a href=\"http:\/\/www.pro-sport.cz\/sites\/PRO-SPORT.cz\/\/repository\/Pr__b____n___po__ad___B____eck__ho_poh__ru_ml__de__e_2022_IV.xls\">Pr\u016fb\u011b\u017en\u00e9 po\u0159ad\u00ed poh\u00e1ru<\/a> po jarn\u00ed \u010d\u00e1sti sez\u00f3ny (po 4 z\u00e1vodech)<\/p>\n","protected":false},"excerpt":{"rendered":"<p>B\u011bh historick\u00fdm St\u0159\u00edbrem &#8211; 4. d\u00edl B\u011b\u017eeck\u00e9ho poh\u00e1ru ml\u00e1de\u017ee V ned\u011bli se ve St\u0159\u00edb\u0159e v r\u00e1mci m\u00edstn\u00edch slavnost\u00ed uskute\u010dnil dal\u0161\u00ed d\u00edl B\u011b\u017eeck\u00e9ho poh\u00e1ru Plze\u0148sk\u00e9ho kraje.&hellip;<\/p>\n","protected":false},"author":2,"featured_media":717,"comment_status":"closed","ping_status":"closed","sticky":false,"template":"","format":"standard","meta":{"footnotes":""},"categories":[1],"tags":[],"jetpack_sharing_enabled":true,"jetpack_featured_media_url":"http:\/\/pkas.cz\/wp-content\/uploads\/2020\/01\/PKAS_logo-pr\u016fhledn\u00fd.png","_links":{"self":[{"href":"http:\/\/pkas.cz\/index.php?rest_route=\/wp\/v2\/posts\/2943"}],"collection":[{"href":"http:\/\/pkas.cz\/index.php?rest_route=\/wp\/v2\/posts"}],"about":[{"href":"http:\/\/pkas.cz\/index.php?rest_route=\/wp\/v2\/types\/post"}],"author":[{"embeddable":true,"href":"http:\/\/pkas.cz\/index.php?rest_route=\/wp\/v2\/users\/2"}],"replies":[{"embeddable":true,"href":"http:\/\/pkas.cz\/index.php?rest_route=%2Fwp%2Fv2%2Fcomments&post=2943"}],"version-history":[{"count":2,"href":"http:\/\/pkas.cz\/index.php?rest_route=\/wp\/v2\/posts\/2943\/revisions"}],"predecessor-version":[{"id":2945,"href":"http:\/\/pkas.cz\/index.php?rest_route=\/wp\/v2\/posts\/2943\/revisions\/2945"}],"wp:featuredmedia":[{"embeddable":true,"href":"http:\/\/pkas.cz\/index.php?rest_route=\/wp\/v2\/media\/717"}],"wp:attachment":[{"href":"http:\/\/pkas.cz\/index.php?rest_route=%2Fwp%2Fv2%2Fmedia&parent=2943"}],"wp:term":[{"taxonomy":"category","embeddable":true,"href":"http:\/\/pkas.cz\/index.php?rest_route=%2Fwp%2Fv2%2Fcategories&post=2943"},{"taxonomy":"post_tag","embeddable":true,"href":"http:\/\/pkas.cz\/index.php?rest_route=%2Fwp%2Fv2%2Ftags&post=2943"}],"curies":[{"name":"wp","href":"https:\/\/api.w.org\/{rel}","templated":true}]}}