{"id":2937,"date":"2022-06-14T08:59:31","date_gmt":"2022-06-14T06:59:31","guid":{"rendered":"http:\/\/pkas.cz\/?p=2937"},"modified":"2022-06-14T09:08:06","modified_gmt":"2022-06-14T07:08:06","slug":"2-kolo-extraligy-2-druha-mista-a-dalsi-vysledky-ligovych-tymu","status":"publish","type":"post","link":"http:\/\/pkas.cz\/?p=2937","title":{"rendered":"2. kolo Extraligy: 2 druh\u00e1 m\u00edsta a dal\u0161\u00ed v\u00fdsledky ligov\u00fdch t\u00fdm\u016f"},"content":{"rendered":"<h1><strong>2. kolo Extraligy: 2 druh\u00e1 m\u00edsta a dal\u0161\u00ed v\u00fdsledky ligov\u00fdch t\u00fdm\u016f<\/strong><\/h1>\n<p><img loading=\"lazy\" decoding=\"async\" class=\"alignnone size-medium wp-image-2938\" src=\"http:\/\/pkas.cz\/wp-content\/uploads\/2022\/06\/adamek2022extraliga-300x300.jpg\" alt=\"\" width=\"300\" height=\"300\" srcset=\"http:\/\/pkas.cz\/wp-content\/uploads\/2022\/06\/adamek2022extraliga-300x300.jpg 300w, http:\/\/pkas.cz\/wp-content\/uploads\/2022\/06\/adamek2022extraliga-1024x1024.jpg 1024w, http:\/\/pkas.cz\/wp-content\/uploads\/2022\/06\/adamek2022extraliga-150x150.jpg 150w, http:\/\/pkas.cz\/wp-content\/uploads\/2022\/06\/adamek2022extraliga-768x768.jpg 768w, http:\/\/pkas.cz\/wp-content\/uploads\/2022\/06\/adamek2022extraliga.jpg 1440w\" sizes=\"(max-width: 300px) 100vw, 300px\" \/><\/p>\n<p>Josef Ad\u00e1mek zaznamenal osobn\u00ed rekord 221 cm, fotozdroj AK \u0160KODA Plze\u0148<\/p>\n<p><strong>Extraliga\u00a0<\/strong><\/p>\n<p>V ned\u011bli 12.6. se v Plzni uskute\u010dnilo 2. kolo Extraligov\u00e9 kl\u00e1n\u00ed. Dom\u00e1c\u00ed t\u00fdmy nakonec na\u0161li v obou kategori\u00edch pouze jednoho p\u0159emo\u017eitele a obsadily shodn\u011b druh\u00e9 m\u00edsto.<\/p>\n<p>V\u00edce o Extralize ve \u010dl\u00e1nku z Plze\u0148sk\u00e9ho den\u00edku &#8211; <a href=\"https:\/\/plzensky.denik.cz\/ostatni_region\/dvakrat-druhe-misto-skodovce-se-darilo-strhujici-bitva-vyskaru-20220612.html?fbclid=IwAR0xS_iPKfQmC3QH24vQeEIC6kHJQTtQyJ9rcuZqGEPhWazRd3eWeYhOBmk\">Strhuj\u00edc\u00ed p\u0159edstaven\u00ed v\u00fd\u0161ka\u0159\u016f<\/a><\/p>\n<p><a href=\"https:\/\/online.atletika.cz\/vysledky\/52186\">V\u00ddSLEDKY<\/a><\/p>\n<p>&nbsp;<\/p>\n<p><strong>I. LIGA<\/strong><\/p>\n<p>Po ro\u010dn\u00ed odmlce se v Doma\u017elic\u00edch op\u011bt uskute\u010dnila I. liga mu\u017e\u016f. Dom\u00e1c\u00ed op\u011bt bojovali o p\u00f3diov\u00e9 um\u00edst\u011bn\u00ed. Nakonec z toho bylo t\u0159et\u00ed m\u00edsto. O jedno um\u00edst\u011bn\u00ed h\u016f\u0159e si nakonec p\u0159ipsal t\u00fdm \u017een TJ Sokol Plze\u0148 &#8211; Pet\u0159\u00edn.<\/p>\n<p><a href=\"https:\/\/online.atletika.cz\/vysledky\/52160\/0\/2\">KOMPLETN\u00cd V\u00ddSLEDKY<\/a><\/p>\n<p>&nbsp;<\/p>\n<p><strong>II. LIGA<\/strong><\/p>\n<p>Ve st\u00ednu extraligov\u00e9ho kl\u00e1n\u00ed se ve Vla\u0161imi uskute\u010dnila druh\u00e1 liga.\u00a0 Zde se nad o\u010dek\u00e1v\u00e1n\u00ed da\u0159ilo z\u00e1vodn\u00edk\u016fm z Klatov, kte\u0159\u00ed kolo vyhr\u00e1li. Ostatn\u00ed t\u00fdmy sb\u00edrali um\u00edst\u011bn\u00ed ve spodn\u00ed \u010d\u00e1sti tabulky.<\/p>\n<p><a href=\"https:\/\/online.atletika.cz\/vysledky\/52178\/0\/2\">KOMPLETN\u00cd V\u00ddSLEDKY<\/a><\/p>\n<p>&nbsp;<\/p>\n<p>3. kolo krajsk\u00e9ho p\u0159eboru je na programu 18.6. v N\u00fd\u0159anech.<\/p>\n<p>&nbsp;<\/p>\n<p>&nbsp;<\/p>\n","protected":false},"excerpt":{"rendered":"<p>2. kolo Extraligy: 2 druh\u00e1 m\u00edsta a dal\u0161\u00ed v\u00fdsledky ligov\u00fdch t\u00fdm\u016f Josef Ad\u00e1mek zaznamenal osobn\u00ed rekord 221 cm, fotozdroj AK \u0160KODA Plze\u0148 Extraliga\u00a0 V ned\u011bli&hellip;<\/p>\n","protected":false},"author":2,"featured_media":2939,"comment_status":"closed","ping_status":"closed","sticky":false,"template":"","format":"standard","meta":{"footnotes":""},"categories":[1],"tags":[],"jetpack_sharing_enabled":true,"jetpack_featured_media_url":"http:\/\/pkas.cz\/wp-content\/uploads\/2022\/06\/adamek202241extraliga.jpg","_links":{"self":[{"href":"http:\/\/pkas.cz\/index.php?rest_route=\/wp\/v2\/posts\/2937"}],"collection":[{"href":"http:\/\/pkas.cz\/index.php?rest_route=\/wp\/v2\/posts"}],"about":[{"href":"http:\/\/pkas.cz\/index.php?rest_route=\/wp\/v2\/types\/post"}],"author":[{"embeddable":true,"href":"http:\/\/pkas.cz\/index.php?rest_route=\/wp\/v2\/users\/2"}],"replies":[{"embeddable":true,"href":"http:\/\/pkas.cz\/index.php?rest_route=%2Fwp%2Fv2%2Fcomments&post=2937"}],"version-history":[{"count":3,"href":"http:\/\/pkas.cz\/index.php?rest_route=\/wp\/v2\/posts\/2937\/revisions"}],"predecessor-version":[{"id":2942,"href":"http:\/\/pkas.cz\/index.php?rest_route=\/wp\/v2\/posts\/2937\/revisions\/2942"}],"wp:featuredmedia":[{"embeddable":true,"href":"http:\/\/pkas.cz\/index.php?rest_route=\/wp\/v2\/media\/2939"}],"wp:attachment":[{"href":"http:\/\/pkas.cz\/index.php?rest_route=%2Fwp%2Fv2%2Fmedia&parent=2937"}],"wp:term":[{"taxonomy":"category","embeddable":true,"href":"http:\/\/pkas.cz\/index.php?rest_route=%2Fwp%2Fv2%2Fcategories&post=2937"},{"taxonomy":"post_tag","embeddable":true,"href":"http:\/\/pkas.cz\/index.php?rest_route=%2Fwp%2Fv2%2Ftags&post=2937"}],"curies":[{"name":"wp","href":"https:\/\/api.w.org\/{rel}","templated":true}]}}