{"id":2934,"date":"2022-06-10T10:07:22","date_gmt":"2022-06-10T08:07:22","guid":{"rendered":"http:\/\/pkas.cz\/?p=2934"},"modified":"2022-06-10T10:12:14","modified_gmt":"2022-06-10T08:12:14","slug":"pozvanka-4-dil-bezeckeho-poharu-mladeze","status":"publish","type":"post","link":"http:\/\/pkas.cz\/?p=2934","title":{"rendered":"Pozv\u00e1nka na 4. d\u00edl B\u011b\u017eeck\u00e9ho poh\u00e1ru ml\u00e1de\u017ee"},"content":{"rendered":"<h1>Pozv\u00e1nka na 4. d\u00edl B\u011b\u017eeck\u00e9ho poh\u00e1ru ml\u00e1de\u017ee<\/h1>\n<figure id=\"attachment_717\" aria-describedby=\"caption-attachment-717\" style=\"width: 300px\" class=\"wp-caption alignnone\"><img loading=\"lazy\" decoding=\"async\" class=\"size-medium wp-image-717\" src=\"http:\/\/pkas.cz\/wp-content\/uploads\/2020\/01\/PKAS_logo-pr\u016fhledn\u00fd-300x181.png\" alt=\"logo_new\" width=\"300\" height=\"181\" srcset=\"http:\/\/pkas.cz\/wp-content\/uploads\/2020\/01\/PKAS_logo-pr\u016fhledn\u00fd-300x181.png 300w, http:\/\/pkas.cz\/wp-content\/uploads\/2020\/01\/PKAS_logo-pr\u016fhledn\u00fd.png 533w\" sizes=\"(max-width: 300px) 100vw, 300px\" \/><figcaption id=\"caption-attachment-717\" class=\"wp-caption-text\">Nov\u00e9 logo PKAS<\/figcaption><\/figure>\n<p>V ned\u011bli v dopoledn\u00edch hodin\u00e1ch je na programu 4. d\u00edl B\u011b\u017eeck\u00e9ho poh\u00e1ru ml\u00e1de\u017ee Plze\u0148sk\u00e9ho kraje &#8211; B\u011bh historick\u00fdm St\u0159\u00edbrem.<\/p>\n<p><a href=\"http:\/\/www.pro-sport.cz\/sites\/PRO-SPORT.cz\/\/repository\/Propozice_B__h_historick__m_St____brem_2022.docx\">Propozice z\u00e1vodu<\/a><\/p>\n<p><a href=\"http:\/\/www.pro-sport.cz\/sites\/PRO-SPORT.cz\/repository\/Pr__b____n___po__ad___B____eck__ho_poh__ru_ml__de__e_2022_III.xls\">Pr\u016fb\u011b\u017en\u00e9 po\u0159ad\u00ed<\/a> Poh\u00e1ru po t\u0159ech z\u00e1vodech<\/p>\n","protected":false},"excerpt":{"rendered":"<p>Pozv\u00e1nka na 4. d\u00edl B\u011b\u017eeck\u00e9ho poh\u00e1ru ml\u00e1de\u017ee V ned\u011bli v dopoledn\u00edch hodin\u00e1ch je na programu 4. d\u00edl B\u011b\u017eeck\u00e9ho poh\u00e1ru ml\u00e1de\u017ee Plze\u0148sk\u00e9ho kraje &#8211; B\u011bh historick\u00fdm&hellip;<\/p>\n","protected":false},"author":2,"featured_media":717,"comment_status":"closed","ping_status":"closed","sticky":false,"template":"","format":"standard","meta":{"footnotes":""},"categories":[1],"tags":[],"jetpack_sharing_enabled":true,"jetpack_featured_media_url":"http:\/\/pkas.cz\/wp-content\/uploads\/2020\/01\/PKAS_logo-pr\u016fhledn\u00fd.png","_links":{"self":[{"href":"http:\/\/pkas.cz\/index.php?rest_route=\/wp\/v2\/posts\/2934"}],"collection":[{"href":"http:\/\/pkas.cz\/index.php?rest_route=\/wp\/v2\/posts"}],"about":[{"href":"http:\/\/pkas.cz\/index.php?rest_route=\/wp\/v2\/types\/post"}],"author":[{"embeddable":true,"href":"http:\/\/pkas.cz\/index.php?rest_route=\/wp\/v2\/users\/2"}],"replies":[{"embeddable":true,"href":"http:\/\/pkas.cz\/index.php?rest_route=%2Fwp%2Fv2%2Fcomments&post=2934"}],"version-history":[{"count":2,"href":"http:\/\/pkas.cz\/index.php?rest_route=\/wp\/v2\/posts\/2934\/revisions"}],"predecessor-version":[{"id":2936,"href":"http:\/\/pkas.cz\/index.php?rest_route=\/wp\/v2\/posts\/2934\/revisions\/2936"}],"wp:featuredmedia":[{"embeddable":true,"href":"http:\/\/pkas.cz\/index.php?rest_route=\/wp\/v2\/media\/717"}],"wp:attachment":[{"href":"http:\/\/pkas.cz\/index.php?rest_route=%2Fwp%2Fv2%2Fmedia&parent=2934"}],"wp:term":[{"taxonomy":"category","embeddable":true,"href":"http:\/\/pkas.cz\/index.php?rest_route=%2Fwp%2Fv2%2Fcategories&post=2934"},{"taxonomy":"post_tag","embeddable":true,"href":"http:\/\/pkas.cz\/index.php?rest_route=%2Fwp%2Fv2%2Ftags&post=2934"}],"curies":[{"name":"wp","href":"https:\/\/api.w.org\/{rel}","templated":true}]}}