{"id":2923,"date":"2022-06-02T21:32:26","date_gmt":"2022-06-02T19:32:26","guid":{"rendered":"http:\/\/pkas.cz\/?p=2923"},"modified":"2022-06-02T21:32:26","modified_gmt":"2022-06-02T19:32:26","slug":"om-v-dlouhych-prekazkovych-bezich-2","status":"publish","type":"post","link":"http:\/\/pkas.cz\/?p=2923","title":{"rendered":"OM v dlouh\u00fdch p\u0159ek\u00e1\u017ekov\u00fdch b\u011bz\u00edch"},"content":{"rendered":"<h1>OM v dlouh\u00fdch p\u0159ek\u00e1\u017ekov\u00fdch b\u011bz\u00edch<\/h1>\n<p><img loading=\"lazy\" decoding=\"async\" class=\"alignnone  wp-image-2924\" src=\"http:\/\/pkas.cz\/wp-content\/uploads\/2022\/06\/IMG-20220602-WA0015-225x300.jpg\" alt=\"\" width=\"446\" height=\"595\" srcset=\"http:\/\/pkas.cz\/wp-content\/uploads\/2022\/06\/IMG-20220602-WA0015-225x300.jpg 225w, http:\/\/pkas.cz\/wp-content\/uploads\/2022\/06\/IMG-20220602-WA0015-768x1024.jpg 768w, http:\/\/pkas.cz\/wp-content\/uploads\/2022\/06\/IMG-20220602-WA0015-1152x1536.jpg 1152w, http:\/\/pkas.cz\/wp-content\/uploads\/2022\/06\/IMG-20220602-WA0015.jpg 1536w\" sizes=\"(max-width: 446px) 100vw, 446px\" \/><\/p>\n<p>&nbsp;<\/p>\n<p>&nbsp;<\/p>\n<p>V Plzni se 1. 6. uskute\u010dnilo OM t\u0159\u00ed kraj\u016f na programu byly z\u00e1vody v p\u0159ek\u00e1\u017ekov\u00fdch b\u011bz\u00edch od 200m p\u0159. v\u00fd\u0161e. Nejv\u00edce zaujal v\u00fdkon <strong>Jana \u0160karbana<\/strong>, kter\u00fd v\u00fdkonem 5:55,12 splnil limit na ME U18 v Jeruzal\u00e9m\u011b.<\/p>\n<p><a href=\"https:\/\/online.atletika.cz\/vysledky\/63240\/370\">KOMLETN\u00cd V\u00ddSLEDKY<\/a><\/p>\n<p>&nbsp;<\/p>\n<p>&nbsp;<\/p>\n","protected":false},"excerpt":{"rendered":"<p>OM v dlouh\u00fdch p\u0159ek\u00e1\u017ekov\u00fdch b\u011bz\u00edch &nbsp; &nbsp; V Plzni se 1. 6. uskute\u010dnilo OM t\u0159\u00ed kraj\u016f na programu byly z\u00e1vody v p\u0159ek\u00e1\u017ekov\u00fdch b\u011bz\u00edch od 200m&hellip;<\/p>\n","protected":false},"author":2,"featured_media":2924,"comment_status":"closed","ping_status":"closed","sticky":false,"template":"","format":"standard","meta":{"footnotes":""},"categories":[1],"tags":[],"jetpack_sharing_enabled":true,"jetpack_featured_media_url":"http:\/\/pkas.cz\/wp-content\/uploads\/2022\/06\/IMG-20220602-WA0015.jpg","_links":{"self":[{"href":"http:\/\/pkas.cz\/index.php?rest_route=\/wp\/v2\/posts\/2923"}],"collection":[{"href":"http:\/\/pkas.cz\/index.php?rest_route=\/wp\/v2\/posts"}],"about":[{"href":"http:\/\/pkas.cz\/index.php?rest_route=\/wp\/v2\/types\/post"}],"author":[{"embeddable":true,"href":"http:\/\/pkas.cz\/index.php?rest_route=\/wp\/v2\/users\/2"}],"replies":[{"embeddable":true,"href":"http:\/\/pkas.cz\/index.php?rest_route=%2Fwp%2Fv2%2Fcomments&post=2923"}],"version-history":[{"count":1,"href":"http:\/\/pkas.cz\/index.php?rest_route=\/wp\/v2\/posts\/2923\/revisions"}],"predecessor-version":[{"id":2925,"href":"http:\/\/pkas.cz\/index.php?rest_route=\/wp\/v2\/posts\/2923\/revisions\/2925"}],"wp:featuredmedia":[{"embeddable":true,"href":"http:\/\/pkas.cz\/index.php?rest_route=\/wp\/v2\/media\/2924"}],"wp:attachment":[{"href":"http:\/\/pkas.cz\/index.php?rest_route=%2Fwp%2Fv2%2Fmedia&parent=2923"}],"wp:term":[{"taxonomy":"category","embeddable":true,"href":"http:\/\/pkas.cz\/index.php?rest_route=%2Fwp%2Fv2%2Fcategories&post=2923"},{"taxonomy":"post_tag","embeddable":true,"href":"http:\/\/pkas.cz\/index.php?rest_route=%2Fwp%2Fv2%2Ftags&post=2923"}],"curies":[{"name":"wp","href":"https:\/\/api.w.org\/{rel}","templated":true}]}}