{"id":2919,"date":"2022-06-02T06:12:54","date_gmt":"2022-06-02T04:12:54","guid":{"rendered":"http:\/\/pkas.cz\/?p=2919"},"modified":"2022-06-02T06:40:29","modified_gmt":"2022-06-02T04:40:29","slug":"nominace-na-lodm-2022","status":"publish","type":"post","link":"http:\/\/pkas.cz\/?p=2919","title":{"rendered":"Nominace na LODM 2022"},"content":{"rendered":"<h1>Nominace na LODM 2022<\/h1>\n<p><img loading=\"lazy\" decoding=\"async\" class=\"alignnone size-medium wp-image-2857\" src=\"http:\/\/pkas.cz\/wp-content\/uploads\/2022\/05\/2fd149555b28e8d65f4be03531b74083abc3f9e4-300x236.png\" alt=\"\" width=\"300\" height=\"236\" srcset=\"http:\/\/pkas.cz\/wp-content\/uploads\/2022\/05\/2fd149555b28e8d65f4be03531b74083abc3f9e4-300x236.png 300w, http:\/\/pkas.cz\/wp-content\/uploads\/2022\/05\/2fd149555b28e8d65f4be03531b74083abc3f9e4-768x605.png 768w, http:\/\/pkas.cz\/wp-content\/uploads\/2022\/05\/2fd149555b28e8d65f4be03531b74083abc3f9e4.png 796w\" sizes=\"(max-width: 300px) 100vw, 300px\" \/><\/p>\n<p>P\u0159in\u00e1\u0161\u00edme atletickou nominaci na LODM 2022 za Plze\u0148sk\u00fd kraj.<\/p>\n<p>Vedouc\u00ed v\u00fdpravy bude <strong>Adriana Ujkanovi\u010dov\u00e1. <\/strong>Dal\u0161\u00edmi tren\u00e9ry budou:<strong> Luk\u00e1\u0161 Be\u0161ta<\/strong> (star\u0161\u00ed \u017e\u00e1kyn\u011b), <strong>Kamila V\u0161eti\u010dkov\u00e1<\/strong> (mlad\u0161\u00ed \u017e\u00e1kyn\u011b), <strong>Martin Pivo\u0148ka<\/strong> (star\u0161\u00ed \u017e\u00e1ci), <strong>Denisa Bene\u0161ov\u00e1<\/strong> (mlad\u0161\u00ed \u017e\u00e1ci).<\/p>\n<p>Nominace byla uzav\u0159ena k 22.5. 2022 po nomina\u010dn\u00edm z\u00e1vod\u011b.<\/p>\n<p><a href=\"http:\/\/pkas.cz\/wp-content\/uploads\/2022\/06\/Letni-detska-olympiada-deti-a-mladeze-v-Olomouckem-kraji-2022_nominace.xlsx\">NOMINACE DLE KATEGORI\u00cd<\/a><\/p>\n<p>LODM se uskute\u010dn\u00ed podruh\u00e9 v Olomouci a Olomouck\u00e9m kraji od 26.6. do 30.6. 2022.<\/p>\n<p>V\u00edce informac\u00ed o akci <a href=\"https:\/\/odm.olympic.cz\/2022\">ZDE<\/a><\/p>\n<p>Nominovan\u00ed budou d\u00e1le informov\u00e1ni o dal\u0161\u00edch podrobnostech.<\/p>\n<p>&nbsp;<\/p>\n","protected":false},"excerpt":{"rendered":"<p>Nominace na LODM 2022 P\u0159in\u00e1\u0161\u00edme atletickou nominaci na LODM 2022 za Plze\u0148sk\u00fd kraj. Vedouc\u00ed v\u00fdpravy bude Adriana Ujkanovi\u010dov\u00e1. Dal\u0161\u00edmi tren\u00e9ry budou: Luk\u00e1\u0161 Be\u0161ta (star\u0161\u00ed \u017e\u00e1kyn\u011b),&hellip;<\/p>\n","protected":false},"author":2,"featured_media":2857,"comment_status":"closed","ping_status":"closed","sticky":false,"template":"","format":"standard","meta":{"footnotes":""},"categories":[1],"tags":[],"jetpack_sharing_enabled":true,"jetpack_featured_media_url":"http:\/\/pkas.cz\/wp-content\/uploads\/2022\/05\/2fd149555b28e8d65f4be03531b74083abc3f9e4.png","_links":{"self":[{"href":"http:\/\/pkas.cz\/index.php?rest_route=\/wp\/v2\/posts\/2919"}],"collection":[{"href":"http:\/\/pkas.cz\/index.php?rest_route=\/wp\/v2\/posts"}],"about":[{"href":"http:\/\/pkas.cz\/index.php?rest_route=\/wp\/v2\/types\/post"}],"author":[{"embeddable":true,"href":"http:\/\/pkas.cz\/index.php?rest_route=\/wp\/v2\/users\/2"}],"replies":[{"embeddable":true,"href":"http:\/\/pkas.cz\/index.php?rest_route=%2Fwp%2Fv2%2Fcomments&post=2919"}],"version-history":[{"count":2,"href":"http:\/\/pkas.cz\/index.php?rest_route=\/wp\/v2\/posts\/2919\/revisions"}],"predecessor-version":[{"id":2922,"href":"http:\/\/pkas.cz\/index.php?rest_route=\/wp\/v2\/posts\/2919\/revisions\/2922"}],"wp:featuredmedia":[{"embeddable":true,"href":"http:\/\/pkas.cz\/index.php?rest_route=\/wp\/v2\/media\/2857"}],"wp:attachment":[{"href":"http:\/\/pkas.cz\/index.php?rest_route=%2Fwp%2Fv2%2Fmedia&parent=2919"}],"wp:term":[{"taxonomy":"category","embeddable":true,"href":"http:\/\/pkas.cz\/index.php?rest_route=%2Fwp%2Fv2%2Fcategories&post=2919"},{"taxonomy":"post_tag","embeddable":true,"href":"http:\/\/pkas.cz\/index.php?rest_route=%2Fwp%2Fv2%2Ftags&post=2919"}],"curies":[{"name":"wp","href":"https:\/\/api.w.org\/{rel}","templated":true}]}}