{"id":2916,"date":"2022-06-01T06:05:51","date_gmt":"2022-06-01T04:05:51","guid":{"rendered":"http:\/\/pkas.cz\/?p=2916"},"modified":"2022-06-01T06:05:51","modified_gmt":"2022-06-01T04:05:51","slug":"krajske-finale-poharu-rozhlasu","status":"publish","type":"post","link":"http:\/\/pkas.cz\/?p=2916","title":{"rendered":"Krajsk\u00e9 fin\u00e1le Poh\u00e1ru rozhlasu"},"content":{"rendered":"<h1>Krajsk\u00e9 fin\u00e1le Poh\u00e1ru rozhlasu<\/h1>\n<p><img loading=\"lazy\" decoding=\"async\" class=\"alignnone size-medium wp-image-2917\" src=\"http:\/\/pkas.cz\/wp-content\/uploads\/2022\/06\/KF_PR_2022-300x169.jpg\" alt=\"\" width=\"300\" height=\"169\" srcset=\"http:\/\/pkas.cz\/wp-content\/uploads\/2022\/06\/KF_PR_2022-300x169.jpg 300w, http:\/\/pkas.cz\/wp-content\/uploads\/2022\/06\/KF_PR_2022-1024x576.jpg 1024w, http:\/\/pkas.cz\/wp-content\/uploads\/2022\/06\/KF_PR_2022-768x432.jpg 768w, http:\/\/pkas.cz\/wp-content\/uploads\/2022\/06\/KF_PR_2022-1536x864.jpg 1536w, http:\/\/pkas.cz\/wp-content\/uploads\/2022\/06\/KF_PR_2022-2048x1152.jpg 2048w\" sizes=\"(max-width: 300px) 100vw, 300px\" \/><\/p>\n<p>foto Miroslav Neuvirt<\/p>\n<p>Ve \u010dtvrtek 26.5. se v Plzni uskute\u010dnilo Krajsk\u00e9 fin\u00e1le Poh\u00e1ru rozhlasu. 53. ro\u010dn\u00edk p\u0159il\u00e1kal do Plzn\u011b kvalitn\u00ed konkurenci, kter\u00e1 se utkala o titul nejlep\u0161\u00edch atletick\u00fdch \u0161kol v na\u0161em kraj.\u00a0 S p\u0159evahou dominovali plze\u0148sk\u00e9 \u0161koly, kdy\u017e ob\u011b kategorie \u017e\u00e1ky\u0148 vyhr\u00e1la <strong>31. Z\u0160 Plze\u0148<\/strong> a v kategorii \u017e\u00e1k\u016f dominovali kluci ze <strong>33. Z\u0160<\/strong> <strong>Plze\u0148.<\/strong> Pouze v mlad\u0161\u00edm \u017eactvu dominovali kluci ze <strong>Z\u0160 Josefa Hl\u00e1vky P\u0159e\u0161tice<\/strong>.<\/p>\n<p>V nejbli\u017e\u0161\u00edch dnech se z\u00e1rove\u0148 dozv\u00edme, zda nejlep\u0161\u00ed dru\u017estva se probojuj\u00ed na republikov\u00e9 fin\u00e1le, kter\u00e9 bude hostit 8 nejlep\u0161\u00edch t\u00fdm\u016f v ka\u017ed\u00e9 kategorii z cel\u00e9 \u010cR.<\/p>\n<p><a href=\"https:\/\/online.atletika.cz\/vysledky\/63956\/0\/2\">V\u00ddSLEDKY<\/a><\/p>\n<p><a href=\"https:\/\/eu.zonerama.com\/Poharrozhlasu\/Album\/8464545\">FOTOGALERIE Z\u00c1VODU<\/a><\/p>\n<p>&nbsp;<\/p>\n","protected":false},"excerpt":{"rendered":"<p>Krajsk\u00e9 fin\u00e1le Poh\u00e1ru rozhlasu foto Miroslav Neuvirt Ve \u010dtvrtek 26.5. se v Plzni uskute\u010dnilo Krajsk\u00e9 fin\u00e1le Poh\u00e1ru rozhlasu. 53. ro\u010dn\u00edk p\u0159il\u00e1kal do Plzn\u011b kvalitn\u00ed konkurenci,&hellip;<\/p>\n","protected":false},"author":2,"featured_media":2917,"comment_status":"closed","ping_status":"closed","sticky":false,"template":"","format":"standard","meta":{"footnotes":""},"categories":[1],"tags":[],"jetpack_sharing_enabled":true,"jetpack_featured_media_url":"http:\/\/pkas.cz\/wp-content\/uploads\/2022\/06\/KF_PR_2022-scaled.jpg","_links":{"self":[{"href":"http:\/\/pkas.cz\/index.php?rest_route=\/wp\/v2\/posts\/2916"}],"collection":[{"href":"http:\/\/pkas.cz\/index.php?rest_route=\/wp\/v2\/posts"}],"about":[{"href":"http:\/\/pkas.cz\/index.php?rest_route=\/wp\/v2\/types\/post"}],"author":[{"embeddable":true,"href":"http:\/\/pkas.cz\/index.php?rest_route=\/wp\/v2\/users\/2"}],"replies":[{"embeddable":true,"href":"http:\/\/pkas.cz\/index.php?rest_route=%2Fwp%2Fv2%2Fcomments&post=2916"}],"version-history":[{"count":1,"href":"http:\/\/pkas.cz\/index.php?rest_route=\/wp\/v2\/posts\/2916\/revisions"}],"predecessor-version":[{"id":2918,"href":"http:\/\/pkas.cz\/index.php?rest_route=\/wp\/v2\/posts\/2916\/revisions\/2918"}],"wp:featuredmedia":[{"embeddable":true,"href":"http:\/\/pkas.cz\/index.php?rest_route=\/wp\/v2\/media\/2917"}],"wp:attachment":[{"href":"http:\/\/pkas.cz\/index.php?rest_route=%2Fwp%2Fv2%2Fmedia&parent=2916"}],"wp:term":[{"taxonomy":"category","embeddable":true,"href":"http:\/\/pkas.cz\/index.php?rest_route=%2Fwp%2Fv2%2Fcategories&post=2916"},{"taxonomy":"post_tag","embeddable":true,"href":"http:\/\/pkas.cz\/index.php?rest_route=%2Fwp%2Fv2%2Ftags&post=2916"}],"curies":[{"name":"wp","href":"https:\/\/api.w.org\/{rel}","templated":true}]}}