{"id":2913,"date":"2022-05-31T08:13:20","date_gmt":"2022-05-31T06:13:20","guid":{"rendered":"http:\/\/pkas.cz\/?p=2913"},"modified":"2022-05-31T08:13:20","modified_gmt":"2022-05-31T06:13:20","slug":"souteze-druzstev-dospelych-2-kolo","status":"publish","type":"post","link":"http:\/\/pkas.cz\/?p=2913","title":{"rendered":"Sout\u011b\u017ee dru\u017estev dosp\u011bl\u00fdch &#8211; 2. kolo"},"content":{"rendered":"<h1>Sout\u011b\u017ee dru\u017estev dosp\u011bl\u00fdch &#8211; 2. kolo<\/h1>\n<figure id=\"attachment_717\" aria-describedby=\"caption-attachment-717\" style=\"width: 300px\" class=\"wp-caption alignnone\"><img loading=\"lazy\" decoding=\"async\" class=\"size-medium wp-image-717\" src=\"http:\/\/pkas.cz\/wp-content\/uploads\/2020\/01\/PKAS_logo-pr\u016fhledn\u00fd-300x181.png\" alt=\"logo_new\" width=\"300\" height=\"181\" srcset=\"http:\/\/pkas.cz\/wp-content\/uploads\/2020\/01\/PKAS_logo-pr\u016fhledn\u00fd-300x181.png 300w, http:\/\/pkas.cz\/wp-content\/uploads\/2020\/01\/PKAS_logo-pr\u016fhledn\u00fd.png 533w\" sizes=\"(max-width: 300px) 100vw, 300px\" \/><figcaption id=\"caption-attachment-717\" class=\"wp-caption-text\">Nov\u00e9 logo PKAS<\/figcaption><\/figure>\n<p>Posledn\u00ed kv\u011btnov\u00fd v\u00edkend pokra\u010dovala rovn\u011b\u017e ligov\u00e1 kola sout\u011b\u017ee dosp\u011bl\u00fdch<\/p>\n<p>I. liga sk. A se konala v Praze na Sl\u00e1vii a mu\u017ei AC Doma\u017elice i \u017eeny TJ Sokol SG Plze\u0148 Pet\u0159\u00edn zde obsadili shodn\u011b \u010dtvrt\u00e9 m\u00edsto,<\/p>\n<p><a href=\"https:\/\/online.atletika.cz\/vysledky\/52159\/0\/2\">V\u00ddSLEDKY<\/a><\/p>\n<p>II. liga sk. B se konala v Pacov\u011b , nejv\u00edce se da\u0159ilo mu\u017e\u016fm z Klatov, kte\u0159\u00ed obsadili druh\u00e9 m\u00edsto a \u017een\u00e1m ze St\u0159\u00edbra, kter\u00e1 byla na 5. m\u00edst\u011b<\/p>\n<p><a href=\"https:\/\/online.atletika.cz\/vysledky\/52177\/0\/5\">V\u00ddSLEDKY<\/a><\/p>\n<p>Krajsk\u00fd p\u0159ebor m\u011bl na programu druh\u00e9 kolo v Su\u0161ici.<\/p>\n<p><a href=\"https:\/\/online.atletika.cz\/vysledky\/63239\">V\u00ddSLEDKY<\/a><\/p>\n<p><a href=\"http:\/\/pkas.cz\/wp-content\/uploads\/2022\/05\/kpzpravodajC2_2022.doc\">Zpravodaj \u0158P<\/a><\/p>\n","protected":false},"excerpt":{"rendered":"<p>Sout\u011b\u017ee dru\u017estev dosp\u011bl\u00fdch &#8211; 2. kolo Posledn\u00ed kv\u011btnov\u00fd v\u00edkend pokra\u010dovala rovn\u011b\u017e ligov\u00e1 kola sout\u011b\u017ee dosp\u011bl\u00fdch I. liga sk. A se konala v Praze na Sl\u00e1vii&hellip;<\/p>\n","protected":false},"author":2,"featured_media":717,"comment_status":"closed","ping_status":"closed","sticky":false,"template":"","format":"standard","meta":{"footnotes":""},"categories":[1],"tags":[],"jetpack_sharing_enabled":true,"jetpack_featured_media_url":"http:\/\/pkas.cz\/wp-content\/uploads\/2020\/01\/PKAS_logo-pr\u016fhledn\u00fd.png","_links":{"self":[{"href":"http:\/\/pkas.cz\/index.php?rest_route=\/wp\/v2\/posts\/2913"}],"collection":[{"href":"http:\/\/pkas.cz\/index.php?rest_route=\/wp\/v2\/posts"}],"about":[{"href":"http:\/\/pkas.cz\/index.php?rest_route=\/wp\/v2\/types\/post"}],"author":[{"embeddable":true,"href":"http:\/\/pkas.cz\/index.php?rest_route=\/wp\/v2\/users\/2"}],"replies":[{"embeddable":true,"href":"http:\/\/pkas.cz\/index.php?rest_route=%2Fwp%2Fv2%2Fcomments&post=2913"}],"version-history":[{"count":1,"href":"http:\/\/pkas.cz\/index.php?rest_route=\/wp\/v2\/posts\/2913\/revisions"}],"predecessor-version":[{"id":2915,"href":"http:\/\/pkas.cz\/index.php?rest_route=\/wp\/v2\/posts\/2913\/revisions\/2915"}],"wp:featuredmedia":[{"embeddable":true,"href":"http:\/\/pkas.cz\/index.php?rest_route=\/wp\/v2\/media\/717"}],"wp:attachment":[{"href":"http:\/\/pkas.cz\/index.php?rest_route=%2Fwp%2Fv2%2Fmedia&parent=2913"}],"wp:term":[{"taxonomy":"category","embeddable":true,"href":"http:\/\/pkas.cz\/index.php?rest_route=%2Fwp%2Fv2%2Fcategories&post=2913"},{"taxonomy":"post_tag","embeddable":true,"href":"http:\/\/pkas.cz\/index.php?rest_route=%2Fwp%2Fv2%2Ftags&post=2913"}],"curies":[{"name":"wp","href":"https:\/\/api.w.org\/{rel}","templated":true}]}}