{"id":2910,"date":"2022-05-31T06:36:04","date_gmt":"2022-05-31T04:36:04","guid":{"rendered":"http:\/\/pkas.cz\/?p=2910"},"modified":"2022-05-31T06:36:04","modified_gmt":"2022-05-31T04:36:04","slug":"tereza-hrochova-na-evropskem-poharu-v-behu-na-10-000m","status":"publish","type":"post","link":"http:\/\/pkas.cz\/?p=2910","title":{"rendered":"Tereza Hrochov\u00e1 na Evropsk\u00e9m poh\u00e1ru v b\u011bhu na 10 000m"},"content":{"rendered":"<h1>Tereza Hrochov\u00e1 na Evropsk\u00e9m poh\u00e1ru v b\u011bhu na 10 000m<\/h1>\n<p><img loading=\"lazy\" decoding=\"async\" class=\"alignnone size-medium wp-image-2911\" src=\"http:\/\/pkas.cz\/wp-content\/uploads\/2022\/05\/Repre-bezcu-300x300.jpg\" alt=\"\" width=\"300\" height=\"300\" srcset=\"http:\/\/pkas.cz\/wp-content\/uploads\/2022\/05\/Repre-bezcu-300x300.jpg 300w, http:\/\/pkas.cz\/wp-content\/uploads\/2022\/05\/Repre-bezcu-150x150.jpg 150w, http:\/\/pkas.cz\/wp-content\/uploads\/2022\/05\/Repre-bezcu-768x768.jpg 768w, http:\/\/pkas.cz\/wp-content\/uploads\/2022\/05\/Repre-bezcu.jpg 843w\" sizes=\"(max-width: 300px) 100vw, 300px\" \/><\/p>\n<p>Fotozdroj AK \u0160KODA Plze\u0148<\/p>\n<p>Ve francouzsk\u00e9m m\u011bste\u010dku Pace se konal Evropsk\u00fd poh\u00e1r na 10 000m. Na\u0161i atletiku zde reprezentovali <strong>Tereza Hrochov\u00e1<\/strong>, kter\u00e1 vyhr\u00e1la B b\u011bh v\u00fdkonem 33:08.81.<\/p>\n<p>a tak\u00e9 <strong>Moira Stewartov\u00e1<\/strong>, kter\u00e1 zde p\u0159epsala historick\u00e9 tabulky a vytvo\u0159ila nov\u00fd n\u00e1rodn\u00ed rekord na t\u00e9to distanci &#8211;\u00a0 32:08,96.<\/p>\n<p><a href=\"https:\/\/online.atletika.cz\/upload\/pac%C3%A9%2028.5.2022.pdf\">V\u00ddSLEDKY<\/a><\/p>\n","protected":false},"excerpt":{"rendered":"<p>Tereza Hrochov\u00e1 na Evropsk\u00e9m poh\u00e1ru v b\u011bhu na 10 000m Fotozdroj AK \u0160KODA Plze\u0148 Ve francouzsk\u00e9m m\u011bste\u010dku Pace se konal Evropsk\u00fd poh\u00e1r na 10 000m.&hellip;<\/p>\n","protected":false},"author":2,"featured_media":2911,"comment_status":"closed","ping_status":"closed","sticky":false,"template":"","format":"standard","meta":{"footnotes":""},"categories":[1],"tags":[],"jetpack_sharing_enabled":true,"jetpack_featured_media_url":"http:\/\/pkas.cz\/wp-content\/uploads\/2022\/05\/Repre-bezcu.jpg","_links":{"self":[{"href":"http:\/\/pkas.cz\/index.php?rest_route=\/wp\/v2\/posts\/2910"}],"collection":[{"href":"http:\/\/pkas.cz\/index.php?rest_route=\/wp\/v2\/posts"}],"about":[{"href":"http:\/\/pkas.cz\/index.php?rest_route=\/wp\/v2\/types\/post"}],"author":[{"embeddable":true,"href":"http:\/\/pkas.cz\/index.php?rest_route=\/wp\/v2\/users\/2"}],"replies":[{"embeddable":true,"href":"http:\/\/pkas.cz\/index.php?rest_route=%2Fwp%2Fv2%2Fcomments&post=2910"}],"version-history":[{"count":1,"href":"http:\/\/pkas.cz\/index.php?rest_route=\/wp\/v2\/posts\/2910\/revisions"}],"predecessor-version":[{"id":2912,"href":"http:\/\/pkas.cz\/index.php?rest_route=\/wp\/v2\/posts\/2910\/revisions\/2912"}],"wp:featuredmedia":[{"embeddable":true,"href":"http:\/\/pkas.cz\/index.php?rest_route=\/wp\/v2\/media\/2911"}],"wp:attachment":[{"href":"http:\/\/pkas.cz\/index.php?rest_route=%2Fwp%2Fv2%2Fmedia&parent=2910"}],"wp:term":[{"taxonomy":"category","embeddable":true,"href":"http:\/\/pkas.cz\/index.php?rest_route=%2Fwp%2Fv2%2Fcategories&post=2910"},{"taxonomy":"post_tag","embeddable":true,"href":"http:\/\/pkas.cz\/index.php?rest_route=%2Fwp%2Fv2%2Ftags&post=2910"}],"curies":[{"name":"wp","href":"https:\/\/api.w.org\/{rel}","templated":true}]}}