{"id":2907,"date":"2022-05-31T06:27:18","date_gmt":"2022-05-31T04:27:18","guid":{"rendered":"http:\/\/pkas.cz\/?p=2907"},"modified":"2022-05-31T06:27:18","modified_gmt":"2022-05-31T04:27:18","slug":"vrhaci-na-mezistatku","status":"publish","type":"post","link":"http:\/\/pkas.cz\/?p=2907","title":{"rendered":"Vrha\u010di na Mezist\u00e1tku"},"content":{"rendered":"<h1>Vrha\u010di na Mezist\u00e1tku<\/h1>\n<p>&nbsp;<\/p>\n<p><img loading=\"lazy\" decoding=\"async\" class=\"alignnone size-medium wp-image-2908\" src=\"http:\/\/pkas.cz\/wp-content\/uploads\/2022\/05\/vrhaci-na-mezistatku-225x300.jpg\" alt=\"\" width=\"225\" height=\"300\" srcset=\"http:\/\/pkas.cz\/wp-content\/uploads\/2022\/05\/vrhaci-na-mezistatku-225x300.jpg 225w, http:\/\/pkas.cz\/wp-content\/uploads\/2022\/05\/vrhaci-na-mezistatku.jpg 720w\" sizes=\"(max-width: 225px) 100vw, 225px\" \/><\/p>\n<p>P\u011btice z\u00e1vodn\u00edk\u016f z AK \u0160KODA Plze\u0148 v n\u00e1rodn\u00edm dresu (zdroj facebook AK \u0160KODA)<\/p>\n<p>Sekce ml\u00e1de\u017enick\u00fdch vrha\u010d\u016f p\u0159ipravila Mezist\u00e1tn\u00ed utk\u00e1n\u00ed \u010cR &#8211; Polsko &#8211; Ma\u010farsko ve vrz\u00edch a hodech dorostu a junior\u016f. V nominaci se objevila \u0159ada na\u0161ich reprezentant\u016f.<\/p>\n<p>Par\u00e1dn\u00ed v\u00fdkon p\u0159edvedla dorosteneck\u00e1 o\u0161t\u011bpa\u0159ka Magdal\u00e9na Hellmayerov\u00e1, kter\u00e1 dok\u00e1zala o p\u011bt metr\u016f vylep\u0161it sv\u016fj osobn\u00ed rekord na 50.78 m.<\/p>\n<p>V\u016fbec poprv\u00e9 tak p\u0159ekonala magickou hranici 50 m, v sout\u011b\u017ei o\u0161t\u011bpa\u0159ek brala nejv\u00edce bod\u016f a zaostala pouze 22 cm za limitem na mistrovstv\u00ed Evropy do 18 let v Jeruzal\u00e9m\u011b. Nov\u00fdm kari\u00e9rn\u00edm maximem se bl\u00fdskla tak\u00e9 juniorsk\u00e1 kladiv\u00e1\u0159ka Vendula Hole\u010dkov\u00e1, kter\u00e1 se d\u00edky hodu dlouh\u00e9mu 56.87 m vyhoupla na pr\u016fb\u011b\u017en\u00e9 druh\u00e9 m\u00edsto republikov\u00e9 tabulky juniorek. V sout\u011b\u017ei koula\u0159\u016f se p\u0159edstavil Tom\u00e1\u0161 Proch\u00e1zka, jeho\u017e nejdel\u0161\u00ed pokus 17.33 m znamen\u00e1 nov\u00fd osobn\u00ed rekord a potvrzen\u00ed nejlep\u0161\u00edho juniorsk\u00e9ho koula\u0159e v zemi. Sv\u00fdmi bodov\u00fdmi zisky p\u0159isp\u011bly do celkov\u00e9ho sou\u010dtu n\u00e1rod\u016f tak\u00e9 kladiv\u00e1\u0159ka Anna S\u00fdkorov\u00e1, pro kterou to byl v\u016fbec prvn\u00ed start v n\u00e1rodn\u00edm dresu, a zku\u0161en\u00e1 o\u0161t\u011bpa\u0159ka Petra Si\u010dakov\u00e1.<\/p>\n<p>V n\u00e1rodn\u00edm dresu se objevil tak\u00e9 st\u0159\u00edbrsk\u00fd koula\u0159 Adam Fliegel, kter\u00fd se prezentoval v\u00fdkonem 16,18m a skon\u010dil \u010dtvrt\u00fd.<\/p>\n<p>\u010cesk\u00e1 republika nakonec vrha\u010dsk\u00e9 utk\u00e1n\u00ed jasn\u011b ovl\u00e1dla <span class=\"pq6dq46d tbxw36s4 knj5qynh kvgmc6g5 ditlmg2l oygrvhab nvdbi5me sf5mxxl7 gl3lb2sf hhz5lgdu\"><img loading=\"lazy\" decoding=\"async\" src=\"https:\/\/static.xx.fbcdn.net\/images\/emoji.php\/v9\/t17\/1.5\/16\/1f3c6.png\" alt=\"\ud83c\udfc6\" width=\"16\" height=\"16\" \/><\/span> ziskem 125 bod\u016f p\u0159ed druh\u00fdm Ma\u010farskem (115 b) a t\u0159et\u00edm Polskem (110 b).<\/p>\n<p><a href=\"https:\/\/online.atletika.cz\/upload\/karpacz%2028-29.5.2022.pdf\">KOMPLETN\u00cd V\u00ddSLEDKY<\/a><\/p>\n<p>\u010d\u00e1ste\u010dn\u011b p\u0159evzato z FACEBOOKU AK \u0160KODA Plze\u0148<\/p>\n<p>&nbsp;<\/p>\n","protected":false},"excerpt":{"rendered":"<p>Vrha\u010di na Mezist\u00e1tku &nbsp; P\u011btice z\u00e1vodn\u00edk\u016f z AK \u0160KODA Plze\u0148 v n\u00e1rodn\u00edm dresu (zdroj facebook AK \u0160KODA) Sekce ml\u00e1de\u017enick\u00fdch vrha\u010d\u016f p\u0159ipravila Mezist\u00e1tn\u00ed utk\u00e1n\u00ed \u010cR &#8211;&hellip;<\/p>\n","protected":false},"author":2,"featured_media":2908,"comment_status":"closed","ping_status":"closed","sticky":false,"template":"","format":"standard","meta":{"footnotes":""},"categories":[1],"tags":[],"jetpack_sharing_enabled":true,"jetpack_featured_media_url":"http:\/\/pkas.cz\/wp-content\/uploads\/2022\/05\/vrhaci-na-mezistatku.jpg","_links":{"self":[{"href":"http:\/\/pkas.cz\/index.php?rest_route=\/wp\/v2\/posts\/2907"}],"collection":[{"href":"http:\/\/pkas.cz\/index.php?rest_route=\/wp\/v2\/posts"}],"about":[{"href":"http:\/\/pkas.cz\/index.php?rest_route=\/wp\/v2\/types\/post"}],"author":[{"embeddable":true,"href":"http:\/\/pkas.cz\/index.php?rest_route=\/wp\/v2\/users\/2"}],"replies":[{"embeddable":true,"href":"http:\/\/pkas.cz\/index.php?rest_route=%2Fwp%2Fv2%2Fcomments&post=2907"}],"version-history":[{"count":1,"href":"http:\/\/pkas.cz\/index.php?rest_route=\/wp\/v2\/posts\/2907\/revisions"}],"predecessor-version":[{"id":2909,"href":"http:\/\/pkas.cz\/index.php?rest_route=\/wp\/v2\/posts\/2907\/revisions\/2909"}],"wp:featuredmedia":[{"embeddable":true,"href":"http:\/\/pkas.cz\/index.php?rest_route=\/wp\/v2\/media\/2908"}],"wp:attachment":[{"href":"http:\/\/pkas.cz\/index.php?rest_route=%2Fwp%2Fv2%2Fmedia&parent=2907"}],"wp:term":[{"taxonomy":"category","embeddable":true,"href":"http:\/\/pkas.cz\/index.php?rest_route=%2Fwp%2Fv2%2Fcategories&post=2907"},{"taxonomy":"post_tag","embeddable":true,"href":"http:\/\/pkas.cz\/index.php?rest_route=%2Fwp%2Fv2%2Ftags&post=2907"}],"curies":[{"name":"wp","href":"https:\/\/api.w.org\/{rel}","templated":true}]}}