{"id":2903,"date":"2022-05-31T06:11:38","date_gmt":"2022-05-31T04:11:38","guid":{"rendered":"http:\/\/pkas.cz\/?p=2903"},"modified":"2022-05-31T06:13:10","modified_gmt":"2022-05-31T04:13:10","slug":"druha-kola-v-om-druzstev-mladsiho-zactva","status":"publish","type":"post","link":"http:\/\/pkas.cz\/?p=2903","title":{"rendered":"Druh\u00e1 kola v OM dru\u017estev mlad\u0161\u00edho \u017eactva"},"content":{"rendered":"<h1>Druh\u00e1 kola v OM dru\u017estev mlad\u0161\u00edho \u017eactva<\/h1>\n<figure id=\"attachment_717\" aria-describedby=\"caption-attachment-717\" style=\"width: 300px\" class=\"wp-caption alignnone\"><img loading=\"lazy\" decoding=\"async\" class=\"size-medium wp-image-717\" src=\"http:\/\/pkas.cz\/wp-content\/uploads\/2020\/01\/PKAS_logo-pr\u016fhledn\u00fd-300x181.png\" alt=\"logo_new\" width=\"300\" height=\"181\" srcset=\"http:\/\/pkas.cz\/wp-content\/uploads\/2020\/01\/PKAS_logo-pr\u016fhledn\u00fd-300x181.png 300w, http:\/\/pkas.cz\/wp-content\/uploads\/2020\/01\/PKAS_logo-pr\u016fhledn\u00fd.png 533w\" sizes=\"(max-width: 300px) 100vw, 300px\" \/><figcaption id=\"caption-attachment-717\" class=\"wp-caption-text\">Nov\u00e9 logo PKAS<\/figcaption><\/figure>\n<p>24. a 25. \u010dervna se uskute\u010dnila druh\u00e1 kola sout\u011b\u017e\u00ed dru\u017estev mlad\u0161\u00edho \u017eactva.<\/p>\n<p>V Klatovech se konala skupina A<\/p>\n<p><a href=\"https:\/\/online.atletika.cz\/vysledky\/63237\">V\u00ddSLEDKY<\/a><\/p>\n<p><a href=\"http:\/\/pkas.cz\/wp-content\/uploads\/2022\/05\/2.kolo-ml.zactva-A-Klatovy.pdf\">ZPRAVODAJ \u0158P<\/a><\/p>\n<p>V N\u00fd\u0159anech pod po\u0159adatelskou hlavi\u010dkou AKM Viktoria Plze\u0148 skupina B<\/p>\n<p><a href=\"https:\/\/online.atletika.cz\/vysledky\/63238\">V\u00ddSLEDKY<\/a><\/p>\n<p><a href=\"http:\/\/pkas.cz\/wp-content\/uploads\/2022\/05\/Zpravodaj-OMD-ml.-zactvo-2-.-kolo-sk.-B.doc\">ZPRAVODAJ \u0158P<\/a><\/p>\n<p>&nbsp;<\/p>\n","protected":false},"excerpt":{"rendered":"<p>Druh\u00e1 kola v OM dru\u017estev mlad\u0161\u00edho \u017eactva 24. a 25. \u010dervna se uskute\u010dnila druh\u00e1 kola sout\u011b\u017e\u00ed dru\u017estev mlad\u0161\u00edho \u017eactva. V Klatovech se konala skupina A&hellip;<\/p>\n","protected":false},"author":2,"featured_media":717,"comment_status":"closed","ping_status":"closed","sticky":false,"template":"","format":"standard","meta":{"footnotes":""},"categories":[1],"tags":[],"jetpack_sharing_enabled":true,"jetpack_featured_media_url":"http:\/\/pkas.cz\/wp-content\/uploads\/2020\/01\/PKAS_logo-pr\u016fhledn\u00fd.png","_links":{"self":[{"href":"http:\/\/pkas.cz\/index.php?rest_route=\/wp\/v2\/posts\/2903"}],"collection":[{"href":"http:\/\/pkas.cz\/index.php?rest_route=\/wp\/v2\/posts"}],"about":[{"href":"http:\/\/pkas.cz\/index.php?rest_route=\/wp\/v2\/types\/post"}],"author":[{"embeddable":true,"href":"http:\/\/pkas.cz\/index.php?rest_route=\/wp\/v2\/users\/2"}],"replies":[{"embeddable":true,"href":"http:\/\/pkas.cz\/index.php?rest_route=%2Fwp%2Fv2%2Fcomments&post=2903"}],"version-history":[{"count":1,"href":"http:\/\/pkas.cz\/index.php?rest_route=\/wp\/v2\/posts\/2903\/revisions"}],"predecessor-version":[{"id":2906,"href":"http:\/\/pkas.cz\/index.php?rest_route=\/wp\/v2\/posts\/2903\/revisions\/2906"}],"wp:featuredmedia":[{"embeddable":true,"href":"http:\/\/pkas.cz\/index.php?rest_route=\/wp\/v2\/media\/717"}],"wp:attachment":[{"href":"http:\/\/pkas.cz\/index.php?rest_route=%2Fwp%2Fv2%2Fmedia&parent=2903"}],"wp:term":[{"taxonomy":"category","embeddable":true,"href":"http:\/\/pkas.cz\/index.php?rest_route=%2Fwp%2Fv2%2Fcategories&post=2903"},{"taxonomy":"post_tag","embeddable":true,"href":"http:\/\/pkas.cz\/index.php?rest_route=%2Fwp%2Fv2%2Ftags&post=2903"}],"curies":[{"name":"wp","href":"https:\/\/api.w.org\/{rel}","templated":true}]}}