{"id":2900,"date":"2022-05-25T06:39:09","date_gmt":"2022-05-25T04:39:09","guid":{"rendered":"http:\/\/pkas.cz\/?p=2900"},"modified":"2022-05-25T06:39:09","modified_gmt":"2022-05-25T04:39:09","slug":"oblastni-mistrovstvi-ve-vicebojich-mladsiho-zactva","status":"publish","type":"post","link":"http:\/\/pkas.cz\/?p=2900","title":{"rendered":"Oblastn\u00ed mistrovstv\u00ed ve v\u00edceboj\u00edch mlad\u0161\u00edho \u017eactva"},"content":{"rendered":"<h1>Oblastn\u00ed mistrovstv\u00ed ve v\u00edceboj\u00edch mlad\u0161\u00edho \u017eactva<\/h1>\n<figure id=\"attachment_717\" aria-describedby=\"caption-attachment-717\" style=\"width: 300px\" class=\"wp-caption alignnone\"><img loading=\"lazy\" decoding=\"async\" class=\"size-medium wp-image-717\" src=\"http:\/\/pkas.cz\/wp-content\/uploads\/2020\/01\/PKAS_logo-pr\u016fhledn\u00fd-300x181.png\" alt=\"logo_new\" width=\"300\" height=\"181\" srcset=\"http:\/\/pkas.cz\/wp-content\/uploads\/2020\/01\/PKAS_logo-pr\u016fhledn\u00fd-300x181.png 300w, http:\/\/pkas.cz\/wp-content\/uploads\/2020\/01\/PKAS_logo-pr\u016fhledn\u00fd.png 533w\" sizes=\"(max-width: 300px) 100vw, 300px\" \/><figcaption id=\"caption-attachment-717\" class=\"wp-caption-text\">Nov\u00e9 logo PKAS<\/figcaption><\/figure>\n<p>V\u00edkend bohat\u00fd na oblastn\u00ed mistrovstv\u00ed pokra\u010doval v ned\u011bli v Plzni. Na startu se se\u0161lo p\u0159es 52 v\u00edceboja\u0159\u016f v mlad\u0161\u00edm \u017eactvu a 54 mlad\u0161\u00edch \u017e\u00e1ky\u0148. Nejen kvantitou, ale i kvalitou dosa\u017een\u00fdch v\u00fdkon\u016f<\/p>\n<p>v\u00fdkon\u016f se za\u0159adilo mezi nejlep\u0161\u00ed oblastn\u00ed mistrovstv\u00ed v t\u00e9to v\u011bkov\u00e9 kategorii.<\/p>\n<p>N\u011bkolik miln\u00edk\u016f:<\/p>\n<p><strong>Krist\u00fdna Z\u00e1ho\u0159ov\u00e1<\/strong> vytvo\u0159ila prozat\u00edm nejlep\u0161\u00ed v\u00fdkon sez\u00f3ny a z\u00e1rove\u0148 krajsk\u00fd rekord v\u00fdkonem 3379 bod\u016f (60m p\u0159. &#8211; 9,54s, m\u00ed\u010dek &#8211; 39,49m, 60m &#8211; 7,76s, d\u00e1lka 541cm, 800m &#8211; 2.34, 86).<\/p>\n<p>Hned \u010dty\u0159i z\u00e1stupci v chlapeck\u00e9 kategorii figuruj\u00ed mezi TOP dvacet v\u00fdkony v mlad\u0161\u00edm \u017eactvu, kte\u0159\u00ed by si mohli zajistit \u00fa\u010dast na republikov\u00e9m \u0161ampion\u00e1tu.\u00a0 P\u0159i\u010dem\u017e v\u00edt\u011bz <strong>Pavel Svojanovsk\u00fd<\/strong>\u00a0 v\u00fdkonem 2327 bod\u016f se zapsal na t\u0159et\u00ed m\u00edsto historick\u00fdch tabulek na\u0161eho kraje.<\/p>\n<p>&nbsp;<\/p>\n<p><a href=\"https:\/\/online.atletika.cz\/vysledky\/63236\/0\/2\">KOMPLETN\u00cd V\u00ddSLEDKY\u00a0<\/a><\/p>\n<p>&nbsp;<\/p>\n","protected":false},"excerpt":{"rendered":"<p>Oblastn\u00ed mistrovstv\u00ed ve v\u00edceboj\u00edch mlad\u0161\u00edho \u017eactva V\u00edkend bohat\u00fd na oblastn\u00ed mistrovstv\u00ed pokra\u010doval v ned\u011bli v Plzni. Na startu se se\u0161lo p\u0159es 52 v\u00edceboja\u0159\u016f v mlad\u0161\u00edm&hellip;<\/p>\n","protected":false},"author":2,"featured_media":717,"comment_status":"closed","ping_status":"closed","sticky":false,"template":"","format":"standard","meta":{"footnotes":""},"categories":[1],"tags":[],"jetpack_sharing_enabled":true,"jetpack_featured_media_url":"http:\/\/pkas.cz\/wp-content\/uploads\/2020\/01\/PKAS_logo-pr\u016fhledn\u00fd.png","_links":{"self":[{"href":"http:\/\/pkas.cz\/index.php?rest_route=\/wp\/v2\/posts\/2900"}],"collection":[{"href":"http:\/\/pkas.cz\/index.php?rest_route=\/wp\/v2\/posts"}],"about":[{"href":"http:\/\/pkas.cz\/index.php?rest_route=\/wp\/v2\/types\/post"}],"author":[{"embeddable":true,"href":"http:\/\/pkas.cz\/index.php?rest_route=\/wp\/v2\/users\/2"}],"replies":[{"embeddable":true,"href":"http:\/\/pkas.cz\/index.php?rest_route=%2Fwp%2Fv2%2Fcomments&post=2900"}],"version-history":[{"count":1,"href":"http:\/\/pkas.cz\/index.php?rest_route=\/wp\/v2\/posts\/2900\/revisions"}],"predecessor-version":[{"id":2901,"href":"http:\/\/pkas.cz\/index.php?rest_route=\/wp\/v2\/posts\/2900\/revisions\/2901"}],"wp:featuredmedia":[{"embeddable":true,"href":"http:\/\/pkas.cz\/index.php?rest_route=\/wp\/v2\/media\/717"}],"wp:attachment":[{"href":"http:\/\/pkas.cz\/index.php?rest_route=%2Fwp%2Fv2%2Fmedia&parent=2900"}],"wp:term":[{"taxonomy":"category","embeddable":true,"href":"http:\/\/pkas.cz\/index.php?rest_route=%2Fwp%2Fv2%2Fcategories&post=2900"},{"taxonomy":"post_tag","embeddable":true,"href":"http:\/\/pkas.cz\/index.php?rest_route=%2Fwp%2Fv2%2Ftags&post=2900"}],"curies":[{"name":"wp","href":"https:\/\/api.w.org\/{rel}","templated":true}]}}