{"id":2896,"date":"2022-05-20T08:52:20","date_gmt":"2022-05-20T06:52:20","guid":{"rendered":"http:\/\/pkas.cz\/?p=2896"},"modified":"2022-05-20T08:52:20","modified_gmt":"2022-05-20T06:52:20","slug":"zmeny-v-terminove-listine-pkas-2022","status":"publish","type":"post","link":"http:\/\/pkas.cz\/?p=2896","title":{"rendered":"Zm\u011bny v Term\u00ednov\u00e9 listin\u011b PKAS 2022"},"content":{"rendered":"<h1>Zm\u011bny v Term\u00ednov\u00e9 listin\u011b PKAS 2022<\/h1>\n<figure id=\"attachment_717\" aria-describedby=\"caption-attachment-717\" style=\"width: 300px\" class=\"wp-caption alignnone\"><img loading=\"lazy\" decoding=\"async\" class=\"size-medium wp-image-717\" src=\"http:\/\/pkas.cz\/wp-content\/uploads\/2020\/01\/PKAS_logo-pr\u016fhledn\u00fd-300x181.png\" alt=\"logo_new\" width=\"300\" height=\"181\" srcset=\"http:\/\/pkas.cz\/wp-content\/uploads\/2020\/01\/PKAS_logo-pr\u016fhledn\u00fd-300x181.png 300w, http:\/\/pkas.cz\/wp-content\/uploads\/2020\/01\/PKAS_logo-pr\u016fhledn\u00fd.png 533w\" sizes=\"(max-width: 300px) 100vw, 300px\" \/><figcaption id=\"caption-attachment-717\" class=\"wp-caption-text\">Nov\u00e9 logo PKAS<\/figcaption><\/figure>\n<p>Na z\u00e1klad\u011b kolize term\u00edn\u016f a po domluv\u011b s po\u0159adateli ud\u011blala STK PKAS zm\u011bny v leto\u0161n\u00ed term\u00ednov\u00e9 listin\u011b n\u00e1sleduj\u00edc\u00ed zm\u011bny:<\/p>\n<div class=\"-wm-mcntgmail_default\"><strong>18. 6.<\/strong> &#8211; \u00a0<strong>3. kolo OMD mu\u017e\u016f a \u017een v N\u00fd\u0159anech \/ p\u016fvodn\u011b \u00a012.6.\/<\/strong><\/div>\n<div><\/div>\n<div class=\"-wm-mcntgmail_default\"><strong>25. 6.<\/strong> \u00a0&#8211; <strong>Mistrovstv\u00ed PK a KK ml. a st. \u017e\u00e1k\u016f a \u017e\u00e1ky\u0148 ve St\u0159\u00edb\u0159e \/ p\u016fvodn\u011b 26.6.\/<\/strong><\/div>\n<div><\/div>\n<div>D\u011bkujeme za pochopen\u00ed.<\/div>\n<p>&nbsp;<\/p>\n","protected":false},"excerpt":{"rendered":"<p>Zm\u011bny v Term\u00ednov\u00e9 listin\u011b PKAS 2022 Na z\u00e1klad\u011b kolize term\u00edn\u016f a po domluv\u011b s po\u0159adateli ud\u011blala STK PKAS zm\u011bny v leto\u0161n\u00ed term\u00ednov\u00e9 listin\u011b n\u00e1sleduj\u00edc\u00ed zm\u011bny:&hellip;<\/p>\n","protected":false},"author":2,"featured_media":717,"comment_status":"closed","ping_status":"closed","sticky":false,"template":"","format":"standard","meta":{"footnotes":""},"categories":[1],"tags":[],"jetpack_sharing_enabled":true,"jetpack_featured_media_url":"http:\/\/pkas.cz\/wp-content\/uploads\/2020\/01\/PKAS_logo-pr\u016fhledn\u00fd.png","_links":{"self":[{"href":"http:\/\/pkas.cz\/index.php?rest_route=\/wp\/v2\/posts\/2896"}],"collection":[{"href":"http:\/\/pkas.cz\/index.php?rest_route=\/wp\/v2\/posts"}],"about":[{"href":"http:\/\/pkas.cz\/index.php?rest_route=\/wp\/v2\/types\/post"}],"author":[{"embeddable":true,"href":"http:\/\/pkas.cz\/index.php?rest_route=\/wp\/v2\/users\/2"}],"replies":[{"embeddable":true,"href":"http:\/\/pkas.cz\/index.php?rest_route=%2Fwp%2Fv2%2Fcomments&post=2896"}],"version-history":[{"count":1,"href":"http:\/\/pkas.cz\/index.php?rest_route=\/wp\/v2\/posts\/2896\/revisions"}],"predecessor-version":[{"id":2897,"href":"http:\/\/pkas.cz\/index.php?rest_route=\/wp\/v2\/posts\/2896\/revisions\/2897"}],"wp:featuredmedia":[{"embeddable":true,"href":"http:\/\/pkas.cz\/index.php?rest_route=\/wp\/v2\/media\/717"}],"wp:attachment":[{"href":"http:\/\/pkas.cz\/index.php?rest_route=%2Fwp%2Fv2%2Fmedia&parent=2896"}],"wp:term":[{"taxonomy":"category","embeddable":true,"href":"http:\/\/pkas.cz\/index.php?rest_route=%2Fwp%2Fv2%2Fcategories&post=2896"},{"taxonomy":"post_tag","embeddable":true,"href":"http:\/\/pkas.cz\/index.php?rest_route=%2Fwp%2Fv2%2Ftags&post=2896"}],"curies":[{"name":"wp","href":"https:\/\/api.w.org\/{rel}","templated":true}]}}