{"id":2892,"date":"2022-05-18T14:00:14","date_gmt":"2022-05-18T12:00:14","guid":{"rendered":"http:\/\/pkas.cz\/?p=2892"},"modified":"2022-05-18T14:00:14","modified_gmt":"2022-05-18T12:00:14","slug":"pohar-rozhlasu-zna-krajske-finalisty","status":"publish","type":"post","link":"http:\/\/pkas.cz\/?p=2892","title":{"rendered":"Poh\u00e1r rozhlasu zn\u00e1 krajsk\u00e9 finalisty"},"content":{"rendered":"<h1>Poh\u00e1r rozhlasu zn\u00e1 krajsk\u00e9 finalisty<\/h1>\n<p><img loading=\"lazy\" decoding=\"async\" class=\"size-medium wp-image-2894 alignleft\" src=\"http:\/\/pkas.cz\/wp-content\/uploads\/2022\/05\/poharrozhlasu2022-300x147.png\" alt=\"\" width=\"300\" height=\"147\" srcset=\"http:\/\/pkas.cz\/wp-content\/uploads\/2022\/05\/poharrozhlasu2022-300x147.png 300w, http:\/\/pkas.cz\/wp-content\/uploads\/2022\/05\/poharrozhlasu2022.png 320w\" sizes=\"(max-width: 300px) 100vw, 300px\" \/><\/p>\n<p>&nbsp;<\/p>\n<p>&nbsp;<\/p>\n<p>&nbsp;<\/p>\n<p>&nbsp;<\/p>\n<p>&nbsp;<\/p>\n<p>Na z\u00e1klad\u011b v\u00fdsledk\u016f z okresn\u00edch kol postoupilo do krajsk\u00e9ho fin\u00e1le 7 v\u00edt\u011bz\u016f z okresn\u00edch fin\u00e1le a nejlep\u0161\u00ed t\u00fdm z cel\u00e9ho kraje na druh\u00fdch m\u00edstech.<\/p>\n<p>Krajsk\u00e9 fin\u00e1le se uskute\u010dn\u00ed 26.5. v Plzni na stadionu ve Skvr\u0148anech.<\/p>\n<p>P\u0159in\u00e1\u0161\u00edme<\/p>\n<p><a href=\"http:\/\/pkas.cz\/wp-content\/uploads\/2022\/05\/Seznam-postupujicich-skol-PR-krajske-finale-2022.xls\">Seznam postupuj\u00edc\u00edch \u0161kol PR krajsk\u00e9 fin\u00e1le 2022<\/a><\/p>\n<p><a href=\"https:\/\/online.atletika.cz\/Propozice\/propozice\/63956\">Propozice z\u00e1vodu\u00a0<\/a><\/p>\n","protected":false},"excerpt":{"rendered":"<p>Poh\u00e1r rozhlasu zn\u00e1 krajsk\u00e9 finalisty &nbsp; &nbsp; &nbsp; &nbsp; &nbsp; Na z\u00e1klad\u011b v\u00fdsledk\u016f z okresn\u00edch kol postoupilo do krajsk\u00e9ho fin\u00e1le 7 v\u00edt\u011bz\u016f z okresn\u00edch fin\u00e1le&hellip;<\/p>\n","protected":false},"author":2,"featured_media":2894,"comment_status":"closed","ping_status":"closed","sticky":false,"template":"","format":"standard","meta":{"footnotes":""},"categories":[1],"tags":[],"jetpack_sharing_enabled":true,"jetpack_featured_media_url":"http:\/\/pkas.cz\/wp-content\/uploads\/2022\/05\/poharrozhlasu2022.png","_links":{"self":[{"href":"http:\/\/pkas.cz\/index.php?rest_route=\/wp\/v2\/posts\/2892"}],"collection":[{"href":"http:\/\/pkas.cz\/index.php?rest_route=\/wp\/v2\/posts"}],"about":[{"href":"http:\/\/pkas.cz\/index.php?rest_route=\/wp\/v2\/types\/post"}],"author":[{"embeddable":true,"href":"http:\/\/pkas.cz\/index.php?rest_route=\/wp\/v2\/users\/2"}],"replies":[{"embeddable":true,"href":"http:\/\/pkas.cz\/index.php?rest_route=%2Fwp%2Fv2%2Fcomments&post=2892"}],"version-history":[{"count":1,"href":"http:\/\/pkas.cz\/index.php?rest_route=\/wp\/v2\/posts\/2892\/revisions"}],"predecessor-version":[{"id":2895,"href":"http:\/\/pkas.cz\/index.php?rest_route=\/wp\/v2\/posts\/2892\/revisions\/2895"}],"wp:featuredmedia":[{"embeddable":true,"href":"http:\/\/pkas.cz\/index.php?rest_route=\/wp\/v2\/media\/2894"}],"wp:attachment":[{"href":"http:\/\/pkas.cz\/index.php?rest_route=%2Fwp%2Fv2%2Fmedia&parent=2892"}],"wp:term":[{"taxonomy":"category","embeddable":true,"href":"http:\/\/pkas.cz\/index.php?rest_route=%2Fwp%2Fv2%2Fcategories&post=2892"},{"taxonomy":"post_tag","embeddable":true,"href":"http:\/\/pkas.cz\/index.php?rest_route=%2Fwp%2Fv2%2Ftags&post=2892"}],"curies":[{"name":"wp","href":"https:\/\/api.w.org\/{rel}","templated":true}]}}