{"id":2876,"date":"2022-05-17T06:45:50","date_gmt":"2022-05-17T04:45:50","guid":{"rendered":"http:\/\/pkas.cz\/?p=2876"},"modified":"2022-05-18T13:27:49","modified_gmt":"2022-05-18T11:27:49","slug":"3-dil-bezeckeho-poharu-mladeze-beh-zelenovskym-udolim","status":"publish","type":"post","link":"http:\/\/pkas.cz\/?p=2876","title":{"rendered":"3. d\u00edl B\u011b\u017eeck\u00e9ho poh\u00e1ru ml\u00e1de\u017ee: B\u011bh Zelenovsk\u00fdm \u00fadol\u00edm"},"content":{"rendered":"<h1>3. d\u00edl B\u011b\u017eeck\u00e9ho poh\u00e1ru ml\u00e1de\u017ee: B\u011bh Zelenovsk\u00fdm \u00fadol\u00edm<\/h1>\n<figure id=\"attachment_717\" aria-describedby=\"caption-attachment-717\" style=\"width: 300px\" class=\"wp-caption alignnone\"><img loading=\"lazy\" decoding=\"async\" class=\"size-medium wp-image-717\" src=\"http:\/\/pkas.cz\/wp-content\/uploads\/2020\/01\/PKAS_logo-pr\u016fhledn\u00fd-300x181.png\" alt=\"logo_new\" width=\"300\" height=\"181\" srcset=\"http:\/\/pkas.cz\/wp-content\/uploads\/2020\/01\/PKAS_logo-pr\u016fhledn\u00fd-300x181.png 300w, http:\/\/pkas.cz\/wp-content\/uploads\/2020\/01\/PKAS_logo-pr\u016fhledn\u00fd.png 533w\" sizes=\"(max-width: 300px) 100vw, 300px\" \/><figcaption id=\"caption-attachment-717\" class=\"wp-caption-text\">Nov\u00e9 logo PKAS<\/figcaption><\/figure>\n<p>V sobotu 14.5. se uskute\u010dnil 5. ro\u010dn\u00edk B\u011bhu Zelenovsk\u00fdm \u00fadol\u00edm. Z\u00e1vod je rovn\u011b\u017e sou\u010d\u00e1st\u00ed seri\u00e1lu B\u011b\u017eeck\u00e9ho poh\u00e1ru ml\u00e1de\u017ee Plze\u0148sk\u00e9ho kraje.<\/p>\n<p>P\u0159in\u00e1\u0161\u00edme <a href=\"http:\/\/pkas.cz\/wp-content\/uploads\/2022\/05\/Vysledky-Beh-Zelenovskym-udolim-2022.pdf\">V\u00ddSLEDKY<\/a><\/p>\n<p><a href=\"http:\/\/www.pro-sport.cz\/sites\/PRO-SPORT.cz\/repository\/Pr__b____n___po__ad___B____eck__ho_poh__ru_ml__de__e_2022_III.xls\">Pr\u016fb\u011b\u017en\u00e9 po\u0159ad\u00ed B\u011b\u017eeck\u00e9ho poh\u00e1ru<\/a> ml\u00e1de\u017ee po 3 z\u00e1vodech<\/p>\n<p>&nbsp;<\/p>\n","protected":false},"excerpt":{"rendered":"<p>3. d\u00edl B\u011b\u017eeck\u00e9ho poh\u00e1ru ml\u00e1de\u017ee: B\u011bh Zelenovsk\u00fdm \u00fadol\u00edm V sobotu 14.5. se uskute\u010dnil 5. ro\u010dn\u00edk B\u011bhu Zelenovsk\u00fdm \u00fadol\u00edm. Z\u00e1vod je rovn\u011b\u017e sou\u010d\u00e1st\u00ed seri\u00e1lu B\u011b\u017eeck\u00e9ho poh\u00e1ru&hellip;<\/p>\n","protected":false},"author":2,"featured_media":717,"comment_status":"closed","ping_status":"closed","sticky":false,"template":"","format":"standard","meta":{"footnotes":""},"categories":[1],"tags":[],"jetpack_sharing_enabled":true,"jetpack_featured_media_url":"http:\/\/pkas.cz\/wp-content\/uploads\/2020\/01\/PKAS_logo-pr\u016fhledn\u00fd.png","_links":{"self":[{"href":"http:\/\/pkas.cz\/index.php?rest_route=\/wp\/v2\/posts\/2876"}],"collection":[{"href":"http:\/\/pkas.cz\/index.php?rest_route=\/wp\/v2\/posts"}],"about":[{"href":"http:\/\/pkas.cz\/index.php?rest_route=\/wp\/v2\/types\/post"}],"author":[{"embeddable":true,"href":"http:\/\/pkas.cz\/index.php?rest_route=\/wp\/v2\/users\/2"}],"replies":[{"embeddable":true,"href":"http:\/\/pkas.cz\/index.php?rest_route=%2Fwp%2Fv2%2Fcomments&post=2876"}],"version-history":[{"count":2,"href":"http:\/\/pkas.cz\/index.php?rest_route=\/wp\/v2\/posts\/2876\/revisions"}],"predecessor-version":[{"id":2880,"href":"http:\/\/pkas.cz\/index.php?rest_route=\/wp\/v2\/posts\/2876\/revisions\/2880"}],"wp:featuredmedia":[{"embeddable":true,"href":"http:\/\/pkas.cz\/index.php?rest_route=\/wp\/v2\/media\/717"}],"wp:attachment":[{"href":"http:\/\/pkas.cz\/index.php?rest_route=%2Fwp%2Fv2%2Fmedia&parent=2876"}],"wp:term":[{"taxonomy":"category","embeddable":true,"href":"http:\/\/pkas.cz\/index.php?rest_route=%2Fwp%2Fv2%2Fcategories&post=2876"},{"taxonomy":"post_tag","embeddable":true,"href":"http:\/\/pkas.cz\/index.php?rest_route=%2Fwp%2Fv2%2Ftags&post=2876"}],"curies":[{"name":"wp","href":"https:\/\/api.w.org\/{rel}","templated":true}]}}