{"id":2869,"date":"2022-05-17T06:21:57","date_gmt":"2022-05-17T04:21:57","guid":{"rendered":"http:\/\/pkas.cz\/?p=2869"},"modified":"2022-05-18T13:38:40","modified_gmt":"2022-05-18T11:38:40","slug":"ak-skoda-plzen-veze-podiova-umisteni-z-1-kola-extraligy-druzstev-a-dalsi-vysledky","status":"publish","type":"post","link":"http:\/\/pkas.cz\/?p=2869","title":{"rendered":"AK \u0160koda Plze\u0148 veze p\u00f3diov\u00e1 um\u00edst\u011bn\u00ed z 1.kola Extraligy dru\u017estev a dal\u0161\u00ed v\u00fdsledky"},"content":{"rendered":"<h1>AK \u0160koda Plze\u0148 veze p\u00f3diov\u00e1 um\u00edst\u011bn\u00ed z 1.kola Extraligy dru\u017estev a dal\u0161\u00ed v\u00fdsledky<\/h1>\n<p><img loading=\"lazy\" decoding=\"async\" class=\"alignnone size-medium wp-image-2883\" src=\"http:\/\/pkas.cz\/wp-content\/uploads\/2022\/05\/skoda-extraliga2022-300x300.jpg\" alt=\"\" width=\"300\" height=\"300\" srcset=\"http:\/\/pkas.cz\/wp-content\/uploads\/2022\/05\/skoda-extraliga2022-300x300.jpg 300w, http:\/\/pkas.cz\/wp-content\/uploads\/2022\/05\/skoda-extraliga2022-1024x1024.jpg 1024w, http:\/\/pkas.cz\/wp-content\/uploads\/2022\/05\/skoda-extraliga2022-150x150.jpg 150w, http:\/\/pkas.cz\/wp-content\/uploads\/2022\/05\/skoda-extraliga2022-768x768.jpg 768w, http:\/\/pkas.cz\/wp-content\/uploads\/2022\/05\/skoda-extraliga2022.jpg 1066w\" sizes=\"(max-width: 300px) 100vw, 300px\" \/><\/p>\n<p>zdroj fotografie: facebook AK \u0160KODA Plze\u0148<\/p>\n<p>V sobotu 14. a v ned\u011bli 15.5. odstartovaly sout\u011b\u017ee dru\u017estev dosp\u011bl\u00fdch. P\u0159in\u00e1\u0161\u00edme souhrn v\u00fdsledk\u016f<\/p>\n<p><strong>Extraliga<\/strong><\/p>\n<p>\u00fa\u010dastn\u00edci: <strong>\u017eeny AK \u0160KODA Plze\u0148 &#8211; 1. m\u00edsto, <\/strong><strong>mu\u017ei AK \u0160koda Plze\u0148 &#8211; 3. m\u00edsto<\/strong>\u00a0<strong>\u00a0<\/strong><\/p>\n<p><a href=\"https:\/\/online.atletika.cz\/vysledky\/52185\">V\u00ddSLEDKY<\/a><\/p>\n<p><a href=\"https:\/\/plzen.cz\/atleti-skodovky-ovladli-prvni-cast-atleticke-extraligy?fbclid=IwAR3jfHPdubWSljD7969fjy34lrY7QaLZOx-ua91X09ze3HnOwXB79gSuyQk\">Napsali na plzen.cz<\/a><\/p>\n<p><strong>I. liga<\/strong><\/p>\n<p>\u00fa\u010dastn\u00edci:<br \/>\n<strong>\u017eeny TJ Sokol SG Pet\u0159\u00edn &#8211; 2. m\u00edsto, mu\u017ei AC Doma\u017elice &#8211; 3. m\u00edsto\u00a0<\/strong><\/p>\n<p><a href=\"https:\/\/online.atletika.cz\/vysledky\/52158\">V\u00ddSLEDKY<\/a><\/p>\n<p>&nbsp;<\/p>\n<p><strong>II. liga <\/strong><\/p>\n<p>\u00fa\u010dastn\u00edci: <strong>mu\u017ei AK \u0160KODA Plze\u0148 &#8211; 2. m\u00edsto mu\u017ei Atletika Klatovy &#8211; 3. m\u00edsto<\/strong><\/p>\n<p><strong> \u017eeny AK \u0160KODA Plze\u0148 &#8211; 1. m\u00edsto, TJ Ban\u00edk St\u0159\u00edbro &#8211; 4. m\u00edsto\u00a0<\/strong><\/p>\n<p><a href=\"https:\/\/online.atletika.cz\/vysledky\/52176\">V\u00ddSLEDKY<\/a><\/p>\n<p>&nbsp;<\/p>\n<p><strong>Krajsk\u00fd p\u0159ebor<\/strong><\/p>\n<p><a href=\"https:\/\/online.atletika.cz\/vysledky\/63234\">V\u00ddSLEDKY<\/a><\/p>\n<p><a href=\"http:\/\/pkas.cz\/wp-content\/uploads\/2022\/05\/zpravodaj-c.-1-2022.doc\">ZPRAVODAJ \u0154P<\/a><\/p>\n<p>&nbsp;<\/p>\n","protected":false},"excerpt":{"rendered":"<p>AK \u0160koda Plze\u0148 veze p\u00f3diov\u00e1 um\u00edst\u011bn\u00ed z 1.kola Extraligy dru\u017estev a dal\u0161\u00ed v\u00fdsledky zdroj fotografie: facebook AK \u0160KODA Plze\u0148 V sobotu 14. a v ned\u011bli&hellip;<\/p>\n","protected":false},"author":2,"featured_media":2883,"comment_status":"closed","ping_status":"closed","sticky":false,"template":"","format":"standard","meta":{"footnotes":""},"categories":[1],"tags":[],"jetpack_sharing_enabled":true,"jetpack_featured_media_url":"http:\/\/pkas.cz\/wp-content\/uploads\/2022\/05\/skoda-extraliga2022.jpg","_links":{"self":[{"href":"http:\/\/pkas.cz\/index.php?rest_route=\/wp\/v2\/posts\/2869"}],"collection":[{"href":"http:\/\/pkas.cz\/index.php?rest_route=\/wp\/v2\/posts"}],"about":[{"href":"http:\/\/pkas.cz\/index.php?rest_route=\/wp\/v2\/types\/post"}],"author":[{"embeddable":true,"href":"http:\/\/pkas.cz\/index.php?rest_route=\/wp\/v2\/users\/2"}],"replies":[{"embeddable":true,"href":"http:\/\/pkas.cz\/index.php?rest_route=%2Fwp%2Fv2%2Fcomments&post=2869"}],"version-history":[{"count":8,"href":"http:\/\/pkas.cz\/index.php?rest_route=\/wp\/v2\/posts\/2869\/revisions"}],"predecessor-version":[{"id":2884,"href":"http:\/\/pkas.cz\/index.php?rest_route=\/wp\/v2\/posts\/2869\/revisions\/2884"}],"wp:featuredmedia":[{"embeddable":true,"href":"http:\/\/pkas.cz\/index.php?rest_route=\/wp\/v2\/media\/2883"}],"wp:attachment":[{"href":"http:\/\/pkas.cz\/index.php?rest_route=%2Fwp%2Fv2%2Fmedia&parent=2869"}],"wp:term":[{"taxonomy":"category","embeddable":true,"href":"http:\/\/pkas.cz\/index.php?rest_route=%2Fwp%2Fv2%2Fcategories&post=2869"},{"taxonomy":"post_tag","embeddable":true,"href":"http:\/\/pkas.cz\/index.php?rest_route=%2Fwp%2Fv2%2Ftags&post=2869"}],"curies":[{"name":"wp","href":"https:\/\/api.w.org\/{rel}","templated":true}]}}