{"id":2865,"date":"2022-05-14T21:43:51","date_gmt":"2022-05-14T19:43:51","guid":{"rendered":"http:\/\/pkas.cz\/?p=2865"},"modified":"2022-05-15T21:54:13","modified_gmt":"2022-05-15T19:54:13","slug":"omd-mladsiho-zactva","status":"publish","type":"post","link":"http:\/\/pkas.cz\/?p=2865","title":{"rendered":"OMD mlad\u0161\u00edho \u017eactva"},"content":{"rendered":"<h1>OMD mlad\u0161\u00edho \u017eactva<\/h1>\n<figure id=\"attachment_717\" aria-describedby=\"caption-attachment-717\" style=\"width: 300px\" class=\"wp-caption alignnone\"><img loading=\"lazy\" decoding=\"async\" class=\"size-medium wp-image-717\" src=\"http:\/\/pkas.cz\/wp-content\/uploads\/2020\/01\/PKAS_logo-pr\u016fhledn\u00fd-300x181.png\" alt=\"logo_new\" width=\"300\" height=\"181\" srcset=\"http:\/\/pkas.cz\/wp-content\/uploads\/2020\/01\/PKAS_logo-pr\u016fhledn\u00fd-300x181.png 300w, http:\/\/pkas.cz\/wp-content\/uploads\/2020\/01\/PKAS_logo-pr\u016fhledn\u00fd.png 533w\" sizes=\"(max-width: 300px) 100vw, 300px\" \/><figcaption id=\"caption-attachment-717\" class=\"wp-caption-text\">Nov\u00e9 logo PKAS<\/figcaption><\/figure>\n<p>V Su\u0161ici a N\u00fd\u0159anech odstartovalo leto\u0161n\u00ed soupe\u0159en\u00ed dru\u017estev mlad\u0161\u00edho \u017eactva. Do prvn\u00ed kola ze \u010dty\u0159 z\u00e1kladn\u00edch kol se zapojilo za posledn\u00ed dobu rekordn\u00ed po\u010det 25 t\u00fdm\u016f. Nejlep\u0161\u00ed t\u0159i chlapeck\u00e9 i d\u00edv\u010d\u00ed z ka\u017ed\u00e9 skupiny postoup\u00ed na z\u00e1v\u011bre\u010dn\u00e9 spole\u010dn\u00e9 fin\u00e1le s t\u00fdmy z Karlovarsk\u00e9ho kraje, kter\u00e9 se uskute\u010dn\u00ed v Plzni v polovin\u011b z\u00e1\u0159\u00ed.<\/p>\n<p>P\u0159in\u00e1\u0161\u00edme<\/p>\n<p><a href=\"https:\/\/online.atletika.cz\/vysledky\/63232\">V\u00ddSLEDKY SK. A<\/a><\/p>\n<p><a href=\"http:\/\/pkas.cz\/wp-content\/uploads\/2022\/05\/1.koloml.zactvaASusice.docx\">ZPRAVODAJ \u0158P<\/a><\/p>\n<p><a href=\"https:\/\/online.atletika.cz\/vysledky\/63233\">V\u00ddSLEDKY SK. B<\/a><\/p>\n<p><a href=\"http:\/\/pkas.cz\/wp-content\/uploads\/2022\/05\/ZpravodajOMDml.zactvo1.kolosk.B.doc\">ZPRAVODAJ \u0154P<\/a><\/p>\n<p>&nbsp;<\/p>\n","protected":false},"excerpt":{"rendered":"<p>OMD mlad\u0161\u00edho \u017eactva V Su\u0161ici a N\u00fd\u0159anech odstartovalo leto\u0161n\u00ed soupe\u0159en\u00ed dru\u017estev mlad\u0161\u00edho \u017eactva. Do prvn\u00ed kola ze \u010dty\u0159 z\u00e1kladn\u00edch kol se zapojilo za posledn\u00ed dobu&hellip;<\/p>\n","protected":false},"author":2,"featured_media":717,"comment_status":"closed","ping_status":"closed","sticky":false,"template":"","format":"standard","meta":{"footnotes":""},"categories":[1],"tags":[],"jetpack_sharing_enabled":true,"jetpack_featured_media_url":"http:\/\/pkas.cz\/wp-content\/uploads\/2020\/01\/PKAS_logo-pr\u016fhledn\u00fd.png","_links":{"self":[{"href":"http:\/\/pkas.cz\/index.php?rest_route=\/wp\/v2\/posts\/2865"}],"collection":[{"href":"http:\/\/pkas.cz\/index.php?rest_route=\/wp\/v2\/posts"}],"about":[{"href":"http:\/\/pkas.cz\/index.php?rest_route=\/wp\/v2\/types\/post"}],"author":[{"embeddable":true,"href":"http:\/\/pkas.cz\/index.php?rest_route=\/wp\/v2\/users\/2"}],"replies":[{"embeddable":true,"href":"http:\/\/pkas.cz\/index.php?rest_route=%2Fwp%2Fv2%2Fcomments&post=2865"}],"version-history":[{"count":1,"href":"http:\/\/pkas.cz\/index.php?rest_route=\/wp\/v2\/posts\/2865\/revisions"}],"predecessor-version":[{"id":2868,"href":"http:\/\/pkas.cz\/index.php?rest_route=\/wp\/v2\/posts\/2865\/revisions\/2868"}],"wp:featuredmedia":[{"embeddable":true,"href":"http:\/\/pkas.cz\/index.php?rest_route=\/wp\/v2\/media\/717"}],"wp:attachment":[{"href":"http:\/\/pkas.cz\/index.php?rest_route=%2Fwp%2Fv2%2Fmedia&parent=2865"}],"wp:term":[{"taxonomy":"category","embeddable":true,"href":"http:\/\/pkas.cz\/index.php?rest_route=%2Fwp%2Fv2%2Fcategories&post=2865"},{"taxonomy":"post_tag","embeddable":true,"href":"http:\/\/pkas.cz\/index.php?rest_route=%2Fwp%2Fv2%2Ftags&post=2865"}],"curies":[{"name":"wp","href":"https:\/\/api.w.org\/{rel}","templated":true}]}}