{"id":2861,"date":"2022-05-14T21:34:36","date_gmt":"2022-05-14T19:34:36","guid":{"rendered":"http:\/\/pkas.cz\/?p=2861"},"modified":"2022-05-15T21:39:57","modified_gmt":"2022-05-15T19:39:57","slug":"zapis-z-vyboru-pkas-4-22","status":"publish","type":"post","link":"http:\/\/pkas.cz\/?p=2861","title":{"rendered":"Z\u00e1pis z v\u00fdboru PKAS 4\/22"},"content":{"rendered":"<h1>Z\u00e1pis z v\u00fdboru PKAS 4\/22<\/h1>\n<p><img loading=\"lazy\" decoding=\"async\" class=\"size-medium wp-image-717\" src=\"http:\/\/pkas.cz\/wp-content\/uploads\/2020\/01\/PKAS_logo-pr\u016fhledn\u00fd-300x181.png\" alt=\"logo_new\" width=\"300\" height=\"181\" srcset=\"http:\/\/pkas.cz\/wp-content\/uploads\/2020\/01\/PKAS_logo-pr\u016fhledn\u00fd-300x181.png 300w, http:\/\/pkas.cz\/wp-content\/uploads\/2020\/01\/PKAS_logo-pr\u016fhledn\u00fd.png 533w\" sizes=\"(max-width: 300px) 100vw, 300px\" \/><\/p>\n<p>Ve \u010dtvrtek 5. kv\u011btna zasedal V\u00fdbor PKAS na sv\u00e9m pravideln\u00e9m zased\u00e1n\u00ed. P\u0159in\u00e1\u0161\u00edme z\u00e1pis z jedn\u00e1n\u00ed <a href=\"http:\/\/pkas.cz\/wp-content\/uploads\/2022\/05\/Zapis_PKAS__4_-_22.pdf\">ZDE<\/a><\/p>\n<p>&nbsp;<\/p>\n<p>&nbsp;<\/p>\n<p>&nbsp;<\/p>\n","protected":false},"excerpt":{"rendered":"<p>Z\u00e1pis z v\u00fdboru PKAS 4\/22 Ve \u010dtvrtek 5. kv\u011btna zasedal V\u00fdbor PKAS na sv\u00e9m pravideln\u00e9m zased\u00e1n\u00ed. P\u0159in\u00e1\u0161\u00edme z\u00e1pis z jedn\u00e1n\u00ed ZDE &nbsp; &nbsp; &nbsp;<\/p>\n","protected":false},"author":2,"featured_media":717,"comment_status":"closed","ping_status":"closed","sticky":false,"template":"","format":"standard","meta":{"footnotes":""},"categories":[1],"tags":[],"jetpack_sharing_enabled":true,"jetpack_featured_media_url":"http:\/\/pkas.cz\/wp-content\/uploads\/2020\/01\/PKAS_logo-pr\u016fhledn\u00fd.png","_links":{"self":[{"href":"http:\/\/pkas.cz\/index.php?rest_route=\/wp\/v2\/posts\/2861"}],"collection":[{"href":"http:\/\/pkas.cz\/index.php?rest_route=\/wp\/v2\/posts"}],"about":[{"href":"http:\/\/pkas.cz\/index.php?rest_route=\/wp\/v2\/types\/post"}],"author":[{"embeddable":true,"href":"http:\/\/pkas.cz\/index.php?rest_route=\/wp\/v2\/users\/2"}],"replies":[{"embeddable":true,"href":"http:\/\/pkas.cz\/index.php?rest_route=%2Fwp%2Fv2%2Fcomments&post=2861"}],"version-history":[{"count":1,"href":"http:\/\/pkas.cz\/index.php?rest_route=\/wp\/v2\/posts\/2861\/revisions"}],"predecessor-version":[{"id":2863,"href":"http:\/\/pkas.cz\/index.php?rest_route=\/wp\/v2\/posts\/2861\/revisions\/2863"}],"wp:featuredmedia":[{"embeddable":true,"href":"http:\/\/pkas.cz\/index.php?rest_route=\/wp\/v2\/media\/717"}],"wp:attachment":[{"href":"http:\/\/pkas.cz\/index.php?rest_route=%2Fwp%2Fv2%2Fmedia&parent=2861"}],"wp:term":[{"taxonomy":"category","embeddable":true,"href":"http:\/\/pkas.cz\/index.php?rest_route=%2Fwp%2Fv2%2Fcategories&post=2861"},{"taxonomy":"post_tag","embeddable":true,"href":"http:\/\/pkas.cz\/index.php?rest_route=%2Fwp%2Fv2%2Ftags&post=2861"}],"curies":[{"name":"wp","href":"https:\/\/api.w.org\/{rel}","templated":true}]}}