{"id":2859,"date":"2022-05-15T21:34:10","date_gmt":"2022-05-15T19:34:10","guid":{"rendered":"http:\/\/pkas.cz\/?p=2859"},"modified":"2022-05-18T13:49:25","modified_gmt":"2022-05-18T11:49:25","slug":"krajske-finale-stafetoveho-poharu-ovladli-zaci-z-25-zs-plzen","status":"publish","type":"post","link":"http:\/\/pkas.cz\/?p=2859","title":{"rendered":"Krajsk\u00e9 fin\u00e1le \u0160tafetov\u00e9ho poh\u00e1ru ovl\u00e1dli \u017e\u00e1ci z 25. Z\u0160 Plze\u0148"},"content":{"rendered":"<h1>Krajsk\u00e9 fin\u00e1le \u0160tafetov\u00e9ho poh\u00e1ru ovl\u00e1dli \u017e\u00e1ci z 25. Z\u0160 Plze\u0148<\/h1>\n<p><img loading=\"lazy\" decoding=\"async\" class=\"alignnone size-full wp-image-2885\" src=\"http:\/\/pkas.cz\/wp-content\/uploads\/2022\/05\/logo_pohar_new.png\" alt=\"\" width=\"252\" height=\"222\" \/><img loading=\"lazy\" decoding=\"async\" class=\"alignnone size-medium wp-image-2890\" src=\"http:\/\/pkas.cz\/wp-content\/uploads\/2022\/05\/stafetak2022-300x198.jpg\" alt=\"\" width=\"300\" height=\"198\" srcset=\"http:\/\/pkas.cz\/wp-content\/uploads\/2022\/05\/stafetak2022-300x198.jpg 300w, http:\/\/pkas.cz\/wp-content\/uploads\/2022\/05\/stafetak2022-391x260.jpg 391w, http:\/\/pkas.cz\/wp-content\/uploads\/2022\/05\/stafetak2022.jpg 629w\" sizes=\"(max-width: 300px) 100vw, 300px\" \/><\/p>\n<p>Hor\u0161ovsk\u00fd T\u00fdn \u2013 V\u00a0p\u00e1tek 13. kv\u011btna hostil m\u011bstsk\u00fd stadion v\u00a0Hor\u0161ovsk\u00e9m T\u00fdn\u011b krajsk\u00e9 fin\u00e1le \u0160tafetov\u00e9ho poh\u00e1ru. Po\u0159adatelstv\u00ed se zhostil nov\u011b vznikl\u00fd atletick\u00fd odd\u00edl Aktiv Sport Hor\u0161ovsk\u00fd T\u00fdn.<\/p>\n<p>Po t\u0159\u00edlet\u00e9 odmlce se op\u011bt v\u00a0pln\u00e9 \u0161\u00ed\u0159i uskute\u010dnila jedin\u00e1 republikov\u00e1 sout\u011b\u017e pro \u017e\u00e1ky a \u017e\u00e1kyn\u011b prvn\u00edho stupn\u011b &#8211; \u0160tafetov\u00fd poh\u00e1r. Po \u0161esti okresn\u00edch kvalifikac\u00edch, kter\u00e9 se uskute\u010dnily na p\u0159elomu dubna a kv\u011btna, bylo na krajsk\u00e9 fin\u00e1le pozv\u00e1no 16 nejlep\u0161\u00edch t\u00fdm\u016f.<\/p>\n<p>16 \u010dlenn\u00e9 t\u00fdmy jsou rozd\u011bleny podle v\u011bku na kategorii 1. \u2013 3. t\u0159\u00edda a 4. \u2013 5. t\u0159\u00edda. V\u00a0tomto slo\u017een\u00ed ka\u017ed\u00e1 kategorie odb\u011bhne \u0161tafetu 8x100m, p\u0159i\u010dem\u017e \u010dasy obou b\u011bh\u016f se s\u010d\u00edtaj\u00ed. N\u00e1sledn\u011b se ob\u011b kategorie spoj\u00ed a vytvo\u0159\u00ed kombinovan\u00e9 dva t\u00fdmy na 8x200m, ze kter\u00fdch se po\u010d\u00edt\u00e1 lep\u0161\u00ed \u010das. V\u0161echny \u010dasy se n\u00e1sledn\u011b se\u010dtou, p\u0159i\u010dem\u017e nejlep\u0161\u00ed t\u00fdmy dosahuj\u00ed \u010das\u016f okolo 8 minut 30 sekund.<\/p>\n<p>I letos tomu bylo podobn\u011b. V\u00edt\u011bzn\u00e1 \u0161kola z\u00a025 Z\u0160 dos\u00e1hla v\u00fdkonu 8 minut 33 sekund. Nejv\u011bt\u0161\u00ed konkurenci jim nakonec byla druh\u00e1 \u0161kola z\u00a0plze\u0148sk\u00fd Slovan &#8211; 21. Z\u0160 a klatovsk\u00e1 Z\u0160 Tolst\u00e9ho, kter\u00e9 zastaly za v\u00edt\u011bzi o 8 respektive 10 sekund.<\/p>\n<p>Tro\u0161ku zklaman\u00e1 z\u00a0bramborov\u00e9 p\u0159\u00ed\u010dky byla dom\u00e1c\u00ed Z\u0160 Hor\u0161ovsk\u00fd T\u00fdn, kter\u00e1 byla podporov\u00e1na silnou fanou\u0161kovskou z\u00e1kladnou.<\/p>\n<p>Cel\u00fd program byl je\u0161t\u011b dopln\u011bn o doprovodn\u00e9 discipl\u00edny v hodu medicimbalem a skokem z m\u00edsta.<\/p>\n<p>\u0160tafetov\u00fd poh\u00e1r st\u00e1le nab\u00edr\u00e1 u z\u00e1kladn\u00edch \u0161kol na oblib\u011b. Letos p\u0159i 8. ro\u010dn\u00edku se jej z\u00fa\u010dastnilo 54 \u0161kol v\u00a0Plze\u0148sk\u00e9m kraji, co\u017e byl druh\u00fd nejv\u011bt\u0161\u00ed po\u010det mezi kraji z\u00a0cel\u00e9 \u010cesk\u00e9 republiky.<\/p>\n<p>V\u00edt\u011bzn\u00e1 \u0161kola m\u00e1 pr\u00e1vo \u00fa\u010dasti na republikov\u00e9m fin\u00e1le, jen\u017e bude hostit 26.5. ve Zl\u00ednsk\u00e9m kraji m\u011bsto Hole\u0161ov.<\/p>\n<p><a href=\"https:\/\/www.stafetovypohar.cz\/vysledkova-listina\/2022\">KOMPLETN\u00cd V\u00ddSLEDKY<\/a><\/p>\n<p><a href=\"https:\/\/www.stafetovypohar.cz\/fotogalerie\/2022\/kf-p-plzesk-kraj-horovsk-tn-13-5-2022\">FOTOGALERIE Z\u00c1VODU<\/a><\/p>\n<p>&nbsp;<\/p>\n<p>&nbsp;<\/p>\n","protected":false},"excerpt":{"rendered":"<p>Krajsk\u00e9 fin\u00e1le \u0160tafetov\u00e9ho poh\u00e1ru ovl\u00e1dli \u017e\u00e1ci z 25. Z\u0160 Plze\u0148 Hor\u0161ovsk\u00fd T\u00fdn \u2013 V\u00a0p\u00e1tek 13. kv\u011btna hostil m\u011bstsk\u00fd stadion v\u00a0Hor\u0161ovsk\u00e9m T\u00fdn\u011b krajsk\u00e9 fin\u00e1le \u0160tafetov\u00e9ho poh\u00e1ru.&hellip;<\/p>\n","protected":false},"author":2,"featured_media":2890,"comment_status":"closed","ping_status":"closed","sticky":false,"template":"","format":"standard","meta":{"footnotes":""},"categories":[1],"tags":[],"jetpack_sharing_enabled":true,"jetpack_featured_media_url":"http:\/\/pkas.cz\/wp-content\/uploads\/2022\/05\/stafetak2022.jpg","_links":{"self":[{"href":"http:\/\/pkas.cz\/index.php?rest_route=\/wp\/v2\/posts\/2859"}],"collection":[{"href":"http:\/\/pkas.cz\/index.php?rest_route=\/wp\/v2\/posts"}],"about":[{"href":"http:\/\/pkas.cz\/index.php?rest_route=\/wp\/v2\/types\/post"}],"author":[{"embeddable":true,"href":"http:\/\/pkas.cz\/index.php?rest_route=\/wp\/v2\/users\/2"}],"replies":[{"embeddable":true,"href":"http:\/\/pkas.cz\/index.php?rest_route=%2Fwp%2Fv2%2Fcomments&post=2859"}],"version-history":[{"count":3,"href":"http:\/\/pkas.cz\/index.php?rest_route=\/wp\/v2\/posts\/2859\/revisions"}],"predecessor-version":[{"id":2891,"href":"http:\/\/pkas.cz\/index.php?rest_route=\/wp\/v2\/posts\/2859\/revisions\/2891"}],"wp:featuredmedia":[{"embeddable":true,"href":"http:\/\/pkas.cz\/index.php?rest_route=\/wp\/v2\/media\/2890"}],"wp:attachment":[{"href":"http:\/\/pkas.cz\/index.php?rest_route=%2Fwp%2Fv2%2Fmedia&parent=2859"}],"wp:term":[{"taxonomy":"category","embeddable":true,"href":"http:\/\/pkas.cz\/index.php?rest_route=%2Fwp%2Fv2%2Fcategories&post=2859"},{"taxonomy":"post_tag","embeddable":true,"href":"http:\/\/pkas.cz\/index.php?rest_route=%2Fwp%2Fv2%2Ftags&post=2859"}],"curies":[{"name":"wp","href":"https:\/\/api.w.org\/{rel}","templated":true}]}}