{"id":2852,"date":"2022-05-10T09:04:12","date_gmt":"2022-05-10T07:04:12","guid":{"rendered":"http:\/\/pkas.cz\/?p=2852"},"modified":"2022-05-10T09:06:05","modified_gmt":"2022-05-10T07:06:05","slug":"odstartovalo-omd-junioru-a-dorostu-sicakova-se-nominovala-na-ms-u-20-janska-na-eyof","status":"publish","type":"post","link":"http:\/\/pkas.cz\/?p=2852","title":{"rendered":"Odstartovalo OMD junior\u016f a dorostu, Si\u010dakov\u00e1 se nominovala na MS U 20, J\u00e1nsk\u00e1 na EYOF"},"content":{"rendered":"<h1>Odstartovalo OMD junior\u016f a dorostu, Si\u010dakov\u00e1 se nominovala na MS U 20, J\u00e1nsk\u00e1 na EYOF<\/h1>\n<figure id=\"attachment_717\" aria-describedby=\"caption-attachment-717\" style=\"width: 300px\" class=\"wp-caption alignnone\"><img loading=\"lazy\" decoding=\"async\" class=\"size-medium wp-image-717\" src=\"http:\/\/pkas.cz\/wp-content\/uploads\/2020\/01\/PKAS_logo-pr\u016fhledn\u00fd-300x181.png\" alt=\"logo_new\" width=\"300\" height=\"181\" srcset=\"http:\/\/pkas.cz\/wp-content\/uploads\/2020\/01\/PKAS_logo-pr\u016fhledn\u00fd-300x181.png 300w, http:\/\/pkas.cz\/wp-content\/uploads\/2020\/01\/PKAS_logo-pr\u016fhledn\u00fd.png 533w\" sizes=\"(max-width: 300px) 100vw, 300px\" \/><figcaption id=\"caption-attachment-717\" class=\"wp-caption-text\">Nov\u00e9 logo PKAS<\/figcaption><\/figure>\n<p>V ned\u011bli se naplno rozb\u011bhla atletick\u00e1 dr\u00e1hov\u00e1 sez\u00f3na. V Doma\u017elic\u00edch odstartovalo prvn\u00ed kolo OMD t\u0159\u00ed kraj\u016f junior\u016f a dorostu.\u00a0 Na startu se objevilo 33 t\u00fdm\u016f ze 13 odd\u00edl\u016f ve 48 discipl\u00edn\u00e1ch o celkov\u00e9m po\u010dtu 332 \u00fa\u010dastn\u00edk\u016f.<\/p>\n<p>Z individu\u00e1ln\u00edch v\u00fdkon\u016f nejv\u00edce zaujal o\u0161t\u011bp juniorek, kdy <strong>Petra Si\u010dakov\u00e1<\/strong> trefila jeden ze sv\u00fdch pokus\u016f za 55 m a v\u00fdkonem 55,75m si nejen vytvo\u0159ila nov\u00fd osobn\u00ed rekord, ale nominovala se i na mistrovstv\u00ed sv\u011bta do 20 let, kter\u00e9 se uskute\u010dn\u00ed v kolumbijsk\u00e9m Cali.<\/p>\n<p>Dal\u0161\u00ed nominace padla v b\u011bhu na 100m p\u0159ek\u00e1\u017eek dorostenek, kde <strong>Viktorie J\u00e1nsk\u00e1<\/strong> zab\u011bhla limit na EYOF (ml\u00e1de\u017enickou olympi\u00e1du), kter\u00e1 se uskute\u010dn\u00ed na Slovensku.<\/p>\n<p>&nbsp;<\/p>\n<p><a href=\"https:\/\/online.atletika.cz\/kalendar\/vysledky\/1\">V\u00ddSLEDKY<\/a> z Doma\u017elic<\/p>\n<p>&nbsp;<\/p>\n","protected":false},"excerpt":{"rendered":"<p>Odstartovalo OMD junior\u016f a dorostu, Si\u010dakov\u00e1 se nominovala na MS U 20, J\u00e1nsk\u00e1 na EYOF V ned\u011bli se naplno rozb\u011bhla atletick\u00e1 dr\u00e1hov\u00e1 sez\u00f3na. V Doma\u017elic\u00edch&hellip;<\/p>\n","protected":false},"author":2,"featured_media":717,"comment_status":"closed","ping_status":"closed","sticky":false,"template":"","format":"standard","meta":{"footnotes":""},"categories":[1],"tags":[],"jetpack_sharing_enabled":true,"jetpack_featured_media_url":"http:\/\/pkas.cz\/wp-content\/uploads\/2020\/01\/PKAS_logo-pr\u016fhledn\u00fd.png","_links":{"self":[{"href":"http:\/\/pkas.cz\/index.php?rest_route=\/wp\/v2\/posts\/2852"}],"collection":[{"href":"http:\/\/pkas.cz\/index.php?rest_route=\/wp\/v2\/posts"}],"about":[{"href":"http:\/\/pkas.cz\/index.php?rest_route=\/wp\/v2\/types\/post"}],"author":[{"embeddable":true,"href":"http:\/\/pkas.cz\/index.php?rest_route=\/wp\/v2\/users\/2"}],"replies":[{"embeddable":true,"href":"http:\/\/pkas.cz\/index.php?rest_route=%2Fwp%2Fv2%2Fcomments&post=2852"}],"version-history":[{"count":1,"href":"http:\/\/pkas.cz\/index.php?rest_route=\/wp\/v2\/posts\/2852\/revisions"}],"predecessor-version":[{"id":2853,"href":"http:\/\/pkas.cz\/index.php?rest_route=\/wp\/v2\/posts\/2852\/revisions\/2853"}],"wp:featuredmedia":[{"embeddable":true,"href":"http:\/\/pkas.cz\/index.php?rest_route=\/wp\/v2\/media\/717"}],"wp:attachment":[{"href":"http:\/\/pkas.cz\/index.php?rest_route=%2Fwp%2Fv2%2Fmedia&parent=2852"}],"wp:term":[{"taxonomy":"category","embeddable":true,"href":"http:\/\/pkas.cz\/index.php?rest_route=%2Fwp%2Fv2%2Fcategories&post=2852"},{"taxonomy":"post_tag","embeddable":true,"href":"http:\/\/pkas.cz\/index.php?rest_route=%2Fwp%2Fv2%2Ftags&post=2852"}],"curies":[{"name":"wp","href":"https:\/\/api.w.org\/{rel}","templated":true}]}}