{"id":2846,"date":"2022-05-02T08:54:37","date_gmt":"2022-05-02T06:54:37","guid":{"rendered":"http:\/\/pkas.cz\/?p=2846"},"modified":"2022-05-02T08:55:36","modified_gmt":"2022-05-02T06:55:36","slug":"atleticka-sezona-na-startu","status":"publish","type":"post","link":"http:\/\/pkas.cz\/?p=2846","title":{"rendered":"Atletick\u00e1 sez\u00f3na na startu"},"content":{"rendered":"<h1>Atletick\u00e1 sez\u00f3na na startu<\/h1>\n<p><img loading=\"lazy\" decoding=\"async\" class=\"alignnone wp-image-2847\" src=\"http:\/\/pkas.cz\/wp-content\/uploads\/2022\/05\/stafetovypohar-rokycany2022-300x169.jpg\" alt=\"\" width=\"437\" height=\"246\" srcset=\"http:\/\/pkas.cz\/wp-content\/uploads\/2022\/05\/stafetovypohar-rokycany2022-300x169.jpg 300w, http:\/\/pkas.cz\/wp-content\/uploads\/2022\/05\/stafetovypohar-rokycany2022-1024x576.jpg 1024w, http:\/\/pkas.cz\/wp-content\/uploads\/2022\/05\/stafetovypohar-rokycany2022-768x432.jpg 768w, http:\/\/pkas.cz\/wp-content\/uploads\/2022\/05\/stafetovypohar-rokycany2022-1536x864.jpg 1536w, http:\/\/pkas.cz\/wp-content\/uploads\/2022\/05\/stafetovypohar-rokycany2022.jpg 1999w\" sizes=\"(max-width: 437px) 100vw, 437px\" \/><\/p>\n<p>\u0160tafetov\u00fd poh\u00e1r v Rokycanech (zdroj \u0160P2022)<\/p>\n<p>Posledn\u00ed dubnov\u00fd t\u00fdden za\u010d\u00ednaj\u00ed atleti pomalu zapisovat sv\u00e9 prvn\u00ed z\u00e1vody na dr\u00e1ze. \u0158ada tr\u00e9ninkov\u00fdch skupin byla je\u0161t\u011b tak\u00e9 na p\u0159edsez\u00f3n\u00edm soust\u0159ed\u011bn\u00ed.<\/p>\n<p>Z\u00e1vodilo se v Doma\u017elic\u00edch, v Plzni, ve St\u0159\u00edb\u0159e, v Hor\u0161ovsk\u00e9m T\u00fdn\u011b.<\/p>\n<p>V\u00fdsledky v <a href=\"https:\/\/online.atletika.cz\/kalendar\/vysledky\/0\">Kalend\u00e1\u0159i na atletice.cz<\/a><\/p>\n<p>&nbsp;<\/p>\n<p>Na p\u011bti m\u00edstech se tak\u00e9 uskute\u010dnilo okresn\u00ed fin\u00e1le \u0160tafetov\u00e9ho poh\u00e1ru &#8211; <a href=\"https:\/\/www.stafetovypohar.cz\/vysledkova-listina\/2022\/plzensky\">V\u00fdsledky\u00a0<\/a><\/p>\n<p>A pomalu se rozb\u00edh\u00e1 i Poh\u00e1r rozhlasu, kter\u00fd bude hostit prvn\u00ed okresn\u00ed kola od 2. kv\u011btna.<\/p>\n<p>&nbsp;<\/p>\n<p>&nbsp;<\/p>\n<p>&nbsp;<\/p>\n<p>&nbsp;<\/p>\n","protected":false},"excerpt":{"rendered":"<p>Atletick\u00e1 sez\u00f3na na startu \u0160tafetov\u00fd poh\u00e1r v Rokycanech (zdroj \u0160P2022) Posledn\u00ed dubnov\u00fd t\u00fdden za\u010d\u00ednaj\u00ed atleti pomalu zapisovat sv\u00e9 prvn\u00ed z\u00e1vody na dr\u00e1ze. \u0158ada tr\u00e9ninkov\u00fdch skupin&hellip;<\/p>\n","protected":false},"author":2,"featured_media":2847,"comment_status":"closed","ping_status":"closed","sticky":false,"template":"","format":"standard","meta":{"footnotes":""},"categories":[1],"tags":[],"jetpack_sharing_enabled":true,"jetpack_featured_media_url":"http:\/\/pkas.cz\/wp-content\/uploads\/2022\/05\/stafetovypohar-rokycany2022.jpg","_links":{"self":[{"href":"http:\/\/pkas.cz\/index.php?rest_route=\/wp\/v2\/posts\/2846"}],"collection":[{"href":"http:\/\/pkas.cz\/index.php?rest_route=\/wp\/v2\/posts"}],"about":[{"href":"http:\/\/pkas.cz\/index.php?rest_route=\/wp\/v2\/types\/post"}],"author":[{"embeddable":true,"href":"http:\/\/pkas.cz\/index.php?rest_route=\/wp\/v2\/users\/2"}],"replies":[{"embeddable":true,"href":"http:\/\/pkas.cz\/index.php?rest_route=%2Fwp%2Fv2%2Fcomments&post=2846"}],"version-history":[{"count":1,"href":"http:\/\/pkas.cz\/index.php?rest_route=\/wp\/v2\/posts\/2846\/revisions"}],"predecessor-version":[{"id":2848,"href":"http:\/\/pkas.cz\/index.php?rest_route=\/wp\/v2\/posts\/2846\/revisions\/2848"}],"wp:featuredmedia":[{"embeddable":true,"href":"http:\/\/pkas.cz\/index.php?rest_route=\/wp\/v2\/media\/2847"}],"wp:attachment":[{"href":"http:\/\/pkas.cz\/index.php?rest_route=%2Fwp%2Fv2%2Fmedia&parent=2846"}],"wp:term":[{"taxonomy":"category","embeddable":true,"href":"http:\/\/pkas.cz\/index.php?rest_route=%2Fwp%2Fv2%2Fcategories&post=2846"},{"taxonomy":"post_tag","embeddable":true,"href":"http:\/\/pkas.cz\/index.php?rest_route=%2Fwp%2Fv2%2Ftags&post=2846"}],"curies":[{"name":"wp","href":"https:\/\/api.w.org\/{rel}","templated":true}]}}