{"id":2835,"date":"2022-04-24T19:50:08","date_gmt":"2022-04-24T17:50:08","guid":{"rendered":"http:\/\/pkas.cz\/?p=2835"},"modified":"2022-04-24T19:53:29","modified_gmt":"2022-04-24T17:53:29","slug":"mitink-vrhacske-sekce-2022","status":"publish","type":"post","link":"http:\/\/pkas.cz\/?p=2835","title":{"rendered":"M\u00edtink vrha\u010dsk\u00e9 sekce 2022"},"content":{"rendered":"<h1><strong>M\u00edtink vrha\u010dsk\u00e9 sekce 2022<\/strong><\/h1>\n<p><img loading=\"lazy\" decoding=\"async\" class=\"alignnone size-medium wp-image-2840\" src=\"http:\/\/pkas.cz\/wp-content\/uploads\/2022\/04\/sicakova2022-300x300.jpg\" alt=\"\" width=\"300\" height=\"300\" srcset=\"http:\/\/pkas.cz\/wp-content\/uploads\/2022\/04\/sicakova2022-300x300.jpg 300w, http:\/\/pkas.cz\/wp-content\/uploads\/2022\/04\/sicakova2022-150x150.jpg 150w, http:\/\/pkas.cz\/wp-content\/uploads\/2022\/04\/sicakova2022.jpg 667w\" sizes=\"(max-width: 300px) 100vw, 300px\" \/><\/p>\n<p>Ilustra\u010dn\u00ed foto<\/p>\n<p>\u0158ada atlet\u016f &#8211; vrha\u010d\u016f se p\u0159edstavila na kladensk\u00e9m m\u00edtinku vrha\u010dsk\u00e9 sekce SCM. Asi nejzaj\u00edmav\u011bj\u0161\u00ed v\u00fdkon reprezentant\u016f z na\u0161eho regionu p\u0159edvedla o\u0161t\u011bpa\u0159ka <strong>Petra Si\u010dakov\u00e1<\/strong>, kter\u00e1 ve vyrovnan\u00e9 s\u00e9rii hned \u010dty\u0159mi hody p\u0159ehodila 50m a nejlep\u0161\u00ed byl 1,25 m od limitu na MS U 20 v Kolumbii.<\/p>\n<p>Dal\u0161\u00ed <a href=\"https:\/\/online.atletika.cz\/vysledky\/63665\">V\u00ddSLEDKY<\/a> na\u0161ich z\u00e1vodn\u00edk\u016f<\/p>\n","protected":false},"excerpt":{"rendered":"<p>M\u00edtink vrha\u010dsk\u00e9 sekce 2022 Ilustra\u010dn\u00ed foto \u0158ada atlet\u016f &#8211; vrha\u010d\u016f se p\u0159edstavila na kladensk\u00e9m m\u00edtinku vrha\u010dsk\u00e9 sekce SCM. Asi nejzaj\u00edmav\u011bj\u0161\u00ed v\u00fdkon reprezentant\u016f z na\u0161eho regionu&hellip;<\/p>\n","protected":false},"author":2,"featured_media":1779,"comment_status":"closed","ping_status":"closed","sticky":false,"template":"","format":"standard","meta":{"footnotes":""},"categories":[1],"tags":[],"jetpack_sharing_enabled":true,"jetpack_featured_media_url":"http:\/\/pkas.cz\/wp-content\/uploads\/2021\/02\/Sycakova-TOP.jpeg","_links":{"self":[{"href":"http:\/\/pkas.cz\/index.php?rest_route=\/wp\/v2\/posts\/2835"}],"collection":[{"href":"http:\/\/pkas.cz\/index.php?rest_route=\/wp\/v2\/posts"}],"about":[{"href":"http:\/\/pkas.cz\/index.php?rest_route=\/wp\/v2\/types\/post"}],"author":[{"embeddable":true,"href":"http:\/\/pkas.cz\/index.php?rest_route=\/wp\/v2\/users\/2"}],"replies":[{"embeddable":true,"href":"http:\/\/pkas.cz\/index.php?rest_route=%2Fwp%2Fv2%2Fcomments&post=2835"}],"version-history":[{"count":2,"href":"http:\/\/pkas.cz\/index.php?rest_route=\/wp\/v2\/posts\/2835\/revisions"}],"predecessor-version":[{"id":2841,"href":"http:\/\/pkas.cz\/index.php?rest_route=\/wp\/v2\/posts\/2835\/revisions\/2841"}],"wp:featuredmedia":[{"embeddable":true,"href":"http:\/\/pkas.cz\/index.php?rest_route=\/wp\/v2\/media\/1779"}],"wp:attachment":[{"href":"http:\/\/pkas.cz\/index.php?rest_route=%2Fwp%2Fv2%2Fmedia&parent=2835"}],"wp:term":[{"taxonomy":"category","embeddable":true,"href":"http:\/\/pkas.cz\/index.php?rest_route=%2Fwp%2Fv2%2Fcategories&post=2835"},{"taxonomy":"post_tag","embeddable":true,"href":"http:\/\/pkas.cz\/index.php?rest_route=%2Fwp%2Fv2%2Ftags&post=2835"}],"curies":[{"name":"wp","href":"https:\/\/api.w.org\/{rel}","templated":true}]}}