{"id":2831,"date":"2022-04-26T08:00:21","date_gmt":"2022-04-26T06:00:21","guid":{"rendered":"http:\/\/pkas.cz\/?p=2831"},"modified":"2022-04-24T19:32:43","modified_gmt":"2022-04-24T17:32:43","slug":"i-v-dudincich-byli-na-stupnich-modrobile-barvy","status":"publish","type":"post","link":"http:\/\/pkas.cz\/?p=2831","title":{"rendered":"I v Dudinc\u00edch byli na stupn\u00edch modrob\u00edl\u00e9 barvy"},"content":{"rendered":"<h1>I v Dudinc\u00edch byli na stupn\u00edch modrob\u00edl\u00e9 barvy<\/h1>\n<p><img loading=\"lazy\" decoding=\"async\" class=\"alignnone size-medium wp-image-2833\" src=\"http:\/\/pkas.cz\/wp-content\/uploads\/2022\/04\/moravek-hala-2022-300x300.jpg\" alt=\"\" width=\"300\" height=\"300\" srcset=\"http:\/\/pkas.cz\/wp-content\/uploads\/2022\/04\/moravek-hala-2022-300x300.jpg 300w, http:\/\/pkas.cz\/wp-content\/uploads\/2022\/04\/moravek-hala-2022-150x150.jpg 150w, http:\/\/pkas.cz\/wp-content\/uploads\/2022\/04\/moravek-hala-2022-768x768.jpg 768w, http:\/\/pkas.cz\/wp-content\/uploads\/2022\/04\/moravek-hala-2022.jpg 960w\" sizes=\"(max-width: 300px) 100vw, 300px\" \/><\/p>\n<p>ILUSTRA\u010cN\u00cd FOTO<\/p>\n<p>24. dubna se z\u00e1vodilo v jihoslovensk\u00fdch Dudinc\u00edch na trad\u00ed\u010dn\u00edm chodeck\u00e9m z\u00e1vod\u011b. Nejdel\u0161\u00ed mistrovsk\u00fd z\u00e1vod na 35 km byl i sou\u010d\u00e1st\u00ed M\u010cR na t\u00e9to trati a uplatnili se zde dv\u011b chodeck\u00e9 opory \u0160kody Plze\u0148, kter\u00e9 shodn\u011b vybojovali bronz.<\/p>\n<p><strong>Jarom\u00edr Mor\u00e1vek<\/strong> v osobn\u00edm rekordu 2:51:13.<\/p>\n<p><strong>Jana Zikmundov\u00e1<\/strong> za 3:33:53.<\/p>\n<p><a href=\"https:\/\/online.atletika.cz\/vysledky\/62888\">V\u00ddSLEDKY<\/a><\/p>\n","protected":false},"excerpt":{"rendered":"<p>I v Dudinc\u00edch byli na stupn\u00edch modrob\u00edl\u00e9 barvy ILUSTRA\u010cN\u00cd FOTO 24. dubna se z\u00e1vodilo v jihoslovensk\u00fdch Dudinc\u00edch na trad\u00ed\u010dn\u00edm chodeck\u00e9m z\u00e1vod\u011b. Nejdel\u0161\u00ed mistrovsk\u00fd z\u00e1vod na&hellip;<\/p>\n","protected":false},"author":2,"featured_media":2833,"comment_status":"closed","ping_status":"closed","sticky":false,"template":"","format":"standard","meta":{"footnotes":""},"categories":[1],"tags":[],"jetpack_sharing_enabled":true,"jetpack_featured_media_url":"http:\/\/pkas.cz\/wp-content\/uploads\/2022\/04\/moravek-hala-2022.jpg","_links":{"self":[{"href":"http:\/\/pkas.cz\/index.php?rest_route=\/wp\/v2\/posts\/2831"}],"collection":[{"href":"http:\/\/pkas.cz\/index.php?rest_route=\/wp\/v2\/posts"}],"about":[{"href":"http:\/\/pkas.cz\/index.php?rest_route=\/wp\/v2\/types\/post"}],"author":[{"embeddable":true,"href":"http:\/\/pkas.cz\/index.php?rest_route=\/wp\/v2\/users\/2"}],"replies":[{"embeddable":true,"href":"http:\/\/pkas.cz\/index.php?rest_route=%2Fwp%2Fv2%2Fcomments&post=2831"}],"version-history":[{"count":2,"href":"http:\/\/pkas.cz\/index.php?rest_route=\/wp\/v2\/posts\/2831\/revisions"}],"predecessor-version":[{"id":2834,"href":"http:\/\/pkas.cz\/index.php?rest_route=\/wp\/v2\/posts\/2831\/revisions\/2834"}],"wp:featuredmedia":[{"embeddable":true,"href":"http:\/\/pkas.cz\/index.php?rest_route=\/wp\/v2\/media\/2833"}],"wp:attachment":[{"href":"http:\/\/pkas.cz\/index.php?rest_route=%2Fwp%2Fv2%2Fmedia&parent=2831"}],"wp:term":[{"taxonomy":"category","embeddable":true,"href":"http:\/\/pkas.cz\/index.php?rest_route=%2Fwp%2Fv2%2Fcategories&post=2831"},{"taxonomy":"post_tag","embeddable":true,"href":"http:\/\/pkas.cz\/index.php?rest_route=%2Fwp%2Fv2%2Ftags&post=2831"}],"curies":[{"name":"wp","href":"https:\/\/api.w.org\/{rel}","templated":true}]}}