{"id":2827,"date":"2022-04-25T08:00:59","date_gmt":"2022-04-25T06:00:59","guid":{"rendered":"http:\/\/pkas.cz\/?p=2827"},"modified":"2022-04-24T19:48:21","modified_gmt":"2022-04-24T17:48:21","slug":"medailove-uspechy-pri-prvnim-drahovem-mcr","status":"publish","type":"post","link":"http:\/\/pkas.cz\/?p=2827","title":{"rendered":"Medailov\u00e9 \u00fasp\u011bchy p\u0159i prvn\u00edm dr\u00e1hov\u00e9m M\u010cR"},"content":{"rendered":"<h1>Medailov\u00e9 \u00fasp\u011bchy p\u0159i prvn\u00edm dr\u00e1hov\u00e9m M\u010cR<\/h1>\n<p><img loading=\"lazy\" decoding=\"async\" class=\"alignnone size-medium wp-image-2828\" src=\"http:\/\/pkas.cz\/wp-content\/uploads\/2022\/04\/Hrochova-a-Marcik-po-10000-300x300.jpg\" alt=\"\" width=\"300\" height=\"300\" srcset=\"http:\/\/pkas.cz\/wp-content\/uploads\/2022\/04\/Hrochova-a-Marcik-po-10000-300x300.jpg 300w, http:\/\/pkas.cz\/wp-content\/uploads\/2022\/04\/Hrochova-a-Marcik-po-10000-150x150.jpg 150w, http:\/\/pkas.cz\/wp-content\/uploads\/2022\/04\/Hrochova-a-Marcik-po-10000.jpg 526w\" sizes=\"(max-width: 300px) 100vw, 300px\" \/><img loading=\"lazy\" decoding=\"async\" class=\"alignnone  wp-image-2837\" src=\"http:\/\/pkas.cz\/wp-content\/uploads\/2022\/04\/eliska-houstkova-300x200.jpg\" alt=\"\" width=\"392\" height=\"261\" srcset=\"http:\/\/pkas.cz\/wp-content\/uploads\/2022\/04\/eliska-houstkova-300x200.jpg 300w, http:\/\/pkas.cz\/wp-content\/uploads\/2022\/04\/eliska-houstkova-1024x683.jpg 1024w, http:\/\/pkas.cz\/wp-content\/uploads\/2022\/04\/eliska-houstkova-768x512.jpg 768w, http:\/\/pkas.cz\/wp-content\/uploads\/2022\/04\/eliska-houstkova-391x260.jpg 391w, http:\/\/pkas.cz\/wp-content\/uploads\/2022\/04\/eliska-houstkova.jpg 1308w\" sizes=\"(max-width: 392px) 100vw, 392px\" \/><\/p>\n<p>fotozdroj AK \u0160KODA Plze\u0148, TJ Su\u0161ice<\/p>\n<p>Dvojn\u00e1sobnou medailovou ko\u0159ist vezou z prvn\u00edho \u0161ampion\u00e1tu na dr\u00e1ze z\u00e1vodn\u00edci \u0160kody Plze\u0148.<\/p>\n<p><strong>Tereza Hrochov\u00e1<\/strong> si odsko\u010dila z alpsk\u00e9 p\u0159\u00edpravy na prvn\u00ed v\u011bt\u0161\u00ed z\u00e1vod dr\u00e1hov\u00e9 sez\u00f3ny a byla z toho hned st\u0159\u00edbrn\u00e1 medaile za\u00a0 a spln\u011bn\u00fd limit na<\/p>\n<p>Evropsk\u00fd poh\u00e1r na 10 000m, kter\u00fd se uskute\u010dn\u00ed za 5 t\u00fddn\u016f ve Francii.<\/p>\n<p><strong>Vlado Mar\u010d\u00edk<\/strong> nenav\u00e1zal na \u00fasp\u011b\u0161n\u00fd v\u00fdkon z p\u0159edchoz\u00edho rekordn\u00edho z\u00e1vodu a bral bronz za 30:16.68.<\/p>\n<p>P\u0159ekvapivou medail\u00ed je potom bronz su\u0161ick\u00e9 z\u00e1vodnice v juniorsk\u00e9 kategorii <strong>Eli\u0161ky Hostkov\u00e9<\/strong> &#8211; 39:05.03.<\/p>\n<p>Do TOP 10 byl je\u0161t\u011b Tom\u00e1\u0161 Ja\u0161a, kter\u00fd obsadil dev\u00e1t\u00e9 m\u00edsto (31:41.25).<\/p>\n<p><a href=\"https:\/\/online.atletika.cz\/vysledky\/48367\">V\u00ddSLEDKY<\/a><\/p>\n","protected":false},"excerpt":{"rendered":"<p>Medailov\u00e9 \u00fasp\u011bchy p\u0159i prvn\u00edm dr\u00e1hov\u00e9m M\u010cR fotozdroj AK \u0160KODA Plze\u0148, TJ Su\u0161ice Dvojn\u00e1sobnou medailovou ko\u0159ist vezou z prvn\u00edho \u0161ampion\u00e1tu na dr\u00e1ze z\u00e1vodn\u00edci \u0160kody Plze\u0148. Tereza&hellip;<\/p>\n","protected":false},"author":2,"featured_media":2828,"comment_status":"closed","ping_status":"closed","sticky":false,"template":"","format":"standard","meta":{"footnotes":""},"categories":[1],"tags":[],"jetpack_sharing_enabled":true,"jetpack_featured_media_url":"http:\/\/pkas.cz\/wp-content\/uploads\/2022\/04\/Hrochova-a-Marcik-po-10000.jpg","_links":{"self":[{"href":"http:\/\/pkas.cz\/index.php?rest_route=\/wp\/v2\/posts\/2827"}],"collection":[{"href":"http:\/\/pkas.cz\/index.php?rest_route=\/wp\/v2\/posts"}],"about":[{"href":"http:\/\/pkas.cz\/index.php?rest_route=\/wp\/v2\/types\/post"}],"author":[{"embeddable":true,"href":"http:\/\/pkas.cz\/index.php?rest_route=\/wp\/v2\/users\/2"}],"replies":[{"embeddable":true,"href":"http:\/\/pkas.cz\/index.php?rest_route=%2Fwp%2Fv2%2Fcomments&post=2827"}],"version-history":[{"count":4,"href":"http:\/\/pkas.cz\/index.php?rest_route=\/wp\/v2\/posts\/2827\/revisions"}],"predecessor-version":[{"id":2839,"href":"http:\/\/pkas.cz\/index.php?rest_route=\/wp\/v2\/posts\/2827\/revisions\/2839"}],"wp:featuredmedia":[{"embeddable":true,"href":"http:\/\/pkas.cz\/index.php?rest_route=\/wp\/v2\/media\/2828"}],"wp:attachment":[{"href":"http:\/\/pkas.cz\/index.php?rest_route=%2Fwp%2Fv2%2Fmedia&parent=2827"}],"wp:term":[{"taxonomy":"category","embeddable":true,"href":"http:\/\/pkas.cz\/index.php?rest_route=%2Fwp%2Fv2%2Fcategories&post=2827"},{"taxonomy":"post_tag","embeddable":true,"href":"http:\/\/pkas.cz\/index.php?rest_route=%2Fwp%2Fv2%2Ftags&post=2827"}],"curies":[{"name":"wp","href":"https:\/\/api.w.org\/{rel}","templated":true}]}}