{"id":2820,"date":"2022-04-24T18:52:36","date_gmt":"2022-04-24T16:52:36","guid":{"rendered":"http:\/\/pkas.cz\/?p=2820"},"modified":"2022-04-24T18:52:36","modified_gmt":"2022-04-24T16:52:36","slug":"bezecky-pohar-odstartoval-uspesne-v-tachove-a-liticich","status":"publish","type":"post","link":"http:\/\/pkas.cz\/?p=2820","title":{"rendered":"B\u011b\u017eeck\u00fd poh\u00e1r odstartoval \u00fasp\u011b\u0161n\u011b v Tachov\u011b a Litic\u00edch"},"content":{"rendered":"<h1>B\u011b\u017eeck\u00fd poh\u00e1r odstartoval \u00fasp\u011b\u0161n\u011b v Tachov\u011b a Litic\u00edch<\/h1>\n<p><img loading=\"lazy\" decoding=\"async\" class=\"alignnone size-medium wp-image-2825\" src=\"http:\/\/pkas.cz\/wp-content\/uploads\/2022\/04\/tachov2-300x225.jpg\" alt=\"\" width=\"300\" height=\"225\" srcset=\"http:\/\/pkas.cz\/wp-content\/uploads\/2022\/04\/tachov2-300x225.jpg 300w, http:\/\/pkas.cz\/wp-content\/uploads\/2022\/04\/tachov2-1024x769.jpg 1024w, http:\/\/pkas.cz\/wp-content\/uploads\/2022\/04\/tachov2-768x576.jpg 768w, http:\/\/pkas.cz\/wp-content\/uploads\/2022\/04\/tachov2-1536x1153.jpg 1536w, http:\/\/pkas.cz\/wp-content\/uploads\/2022\/04\/tachov2.jpg 1600w\" sizes=\"(max-width: 300px) 100vw, 300px\" \/><img loading=\"lazy\" decoding=\"async\" class=\"alignnone size-medium wp-image-2823\" src=\"http:\/\/pkas.cz\/wp-content\/uploads\/2022\/04\/litice22022-300x225.jpg\" alt=\"\" width=\"300\" height=\"225\" srcset=\"http:\/\/pkas.cz\/wp-content\/uploads\/2022\/04\/litice22022-300x225.jpg 300w, http:\/\/pkas.cz\/wp-content\/uploads\/2022\/04\/litice22022-1024x768.jpg 1024w, http:\/\/pkas.cz\/wp-content\/uploads\/2022\/04\/litice22022-768x576.jpg 768w, http:\/\/pkas.cz\/wp-content\/uploads\/2022\/04\/litice22022-1536x1152.jpg 1536w, http:\/\/pkas.cz\/wp-content\/uploads\/2022\/04\/litice22022.jpg 1600w\" sizes=\"(max-width: 300px) 100vw, 300px\" \/><img loading=\"lazy\" decoding=\"async\" class=\"alignnone size-medium wp-image-2822\" src=\"http:\/\/pkas.cz\/wp-content\/uploads\/2022\/04\/litice2022-300x300.jpg\" alt=\"\" width=\"300\" height=\"300\" srcset=\"http:\/\/pkas.cz\/wp-content\/uploads\/2022\/04\/litice2022-300x300.jpg 300w, http:\/\/pkas.cz\/wp-content\/uploads\/2022\/04\/litice2022-1024x1024.jpg 1024w, http:\/\/pkas.cz\/wp-content\/uploads\/2022\/04\/litice2022-150x150.jpg 150w, http:\/\/pkas.cz\/wp-content\/uploads\/2022\/04\/litice2022-768x768.jpg 768w, http:\/\/pkas.cz\/wp-content\/uploads\/2022\/04\/litice2022.jpg 1371w\" sizes=\"(max-width: 300px) 100vw, 300px\" \/><\/p>\n<p>V pr\u016fb\u011bhu dubna odstartoval B\u011b\u017eeck\u00fd poh\u00e1r ml\u00e1de\u017ee Plze\u0148sk\u00e9ho kraje prvn\u00edmi dv\u011bma z\u00e1vody. Na \u00favod sez\u00f3ny se se\u0161la v\u00fdborn\u00e1 konkurence, kdy\u017e v n\u011bkter\u00fdch b\u011bz\u00edch se postavilo na start i p\u0159es t\u0159icet z\u00e1vodn\u00edk\u016f. Celkem v poh\u00e1rov\u00fdch z\u00e1vodech startovalo\u00a0 v Tachov\u011b 221 \u00fa\u010dastn\u00edk\u016f a v Litic\u00edch, kter\u00fd se konal ve st\u0159edu 187 \u00fa\u010dastn\u00edk\u016f.<\/p>\n<p>Z\u00e1vod\u016fm zat\u00edm \u00fapln\u011b nep\u0159\u00e1lo po\u010das\u00ed, kdy\u017e v Tachov\u011b\u00a0 &#8211; Sv\u011btc\u00edch dokonce sn\u011b\u017eilo a v Litic\u00edch zase foukal severn\u00ed studen\u00fd v\u00edtr.<\/p>\n<p>Z \u00favodn\u00edho tachovsk\u00e9ho z\u00e1vodu p\u0159i\u0161la i report\u00e1\u017e z m\u00edstn\u00ed televize. K nahl\u00e9dnut\u00ed <a href=\"https:\/\/youtu.be\/WM9A1a4la8o\">ZDE<\/a><\/p>\n<h1><img loading=\"lazy\" decoding=\"async\" class=\"size-medium wp-image-2824 alignleft\" src=\"http:\/\/pkas.cz\/wp-content\/uploads\/2022\/04\/tachov1-300x225.jpg\" alt=\"\" width=\"300\" height=\"225\" srcset=\"http:\/\/pkas.cz\/wp-content\/uploads\/2022\/04\/tachov1-300x225.jpg 300w, http:\/\/pkas.cz\/wp-content\/uploads\/2022\/04\/tachov1-1024x768.jpg 1024w, http:\/\/pkas.cz\/wp-content\/uploads\/2022\/04\/tachov1-768x576.jpg 768w, http:\/\/pkas.cz\/wp-content\/uploads\/2022\/04\/tachov1-1536x1152.jpg 1536w, http:\/\/pkas.cz\/wp-content\/uploads\/2022\/04\/tachov1.jpg 1600w\" sizes=\"(max-width: 300px) 100vw, 300px\" \/><\/h1>\n<p><a href=\"http:\/\/www.pro-sport.cz\/sites\/PRO-SPORT.cz\/repository\/V__sledky_B__h_mraven_____stezkou_2022.xlsx\">V\u00ddSLED<\/a><a href=\"http:\/\/www.pro-sport.cz\/sites\/PRO-SPORT.cz\/repository\/V__sledky_B__h_mraven_____stezkou_2022.xlsx\">KY Z TACHOVA<\/a><\/p>\n<p><a href=\"http:\/\/www.pro-sport.cz\/sites\/PRO-SPORT.cz\/repository\/V__sledky_B__h_osvobozen___2022.xlsx\">V\u00ddSLEDKY Z PLZN\u011a &#8211; LITIC<\/a><\/p>\n<p><a href=\"http:\/\/www.pro-sport.cz\/sites\/PRO-SPORT.cz\/repository\/Pr__b____n___po__ad___B____eck__ho_poh__ru_ml__de__e_2022_II.xls\">PR\u016eB\u011a\u017dN\u00c9 PO\u0158AD\u00cd POH\u00c1RU PO 2 KOLECH<\/a><\/p>\n<p>&nbsp;<\/p>\n<p>Dal\u0161\u00ed zastaven\u00ed B\u011b\u017eeck\u00e9ho poh\u00e1ru bude na nedaleko Doma\u017elic v bl\u00edzk\u00e9m okol\u00ed p\u0159\u00edrodn\u00ed rezervace zelenovsk\u00e9 rybn\u00edky.\u00a0 3 d\u00edl poh\u00e1ru se uskute\u010dn\u00ed v sobotu 14..5.<\/p>\n<p>&nbsp;<\/p>\n<p>&nbsp;<\/p>\n<p>&nbsp;<\/p>\n","protected":false},"excerpt":{"rendered":"<p>B\u011b\u017eeck\u00fd poh\u00e1r odstartoval \u00fasp\u011b\u0161n\u011b v Tachov\u011b a Litic\u00edch V pr\u016fb\u011bhu dubna odstartoval B\u011b\u017eeck\u00fd poh\u00e1r ml\u00e1de\u017ee Plze\u0148sk\u00e9ho kraje prvn\u00edmi dv\u011bma z\u00e1vody. Na \u00favod sez\u00f3ny se se\u0161la&hellip;<\/p>\n","protected":false},"author":2,"featured_media":2824,"comment_status":"closed","ping_status":"closed","sticky":false,"template":"","format":"standard","meta":{"footnotes":""},"categories":[1],"tags":[],"jetpack_sharing_enabled":true,"jetpack_featured_media_url":"http:\/\/pkas.cz\/wp-content\/uploads\/2022\/04\/tachov1.jpg","_links":{"self":[{"href":"http:\/\/pkas.cz\/index.php?rest_route=\/wp\/v2\/posts\/2820"}],"collection":[{"href":"http:\/\/pkas.cz\/index.php?rest_route=\/wp\/v2\/posts"}],"about":[{"href":"http:\/\/pkas.cz\/index.php?rest_route=\/wp\/v2\/types\/post"}],"author":[{"embeddable":true,"href":"http:\/\/pkas.cz\/index.php?rest_route=\/wp\/v2\/users\/2"}],"replies":[{"embeddable":true,"href":"http:\/\/pkas.cz\/index.php?rest_route=%2Fwp%2Fv2%2Fcomments&post=2820"}],"version-history":[{"count":2,"href":"http:\/\/pkas.cz\/index.php?rest_route=\/wp\/v2\/posts\/2820\/revisions"}],"predecessor-version":[{"id":2826,"href":"http:\/\/pkas.cz\/index.php?rest_route=\/wp\/v2\/posts\/2820\/revisions\/2826"}],"wp:featuredmedia":[{"embeddable":true,"href":"http:\/\/pkas.cz\/index.php?rest_route=\/wp\/v2\/media\/2824"}],"wp:attachment":[{"href":"http:\/\/pkas.cz\/index.php?rest_route=%2Fwp%2Fv2%2Fmedia&parent=2820"}],"wp:term":[{"taxonomy":"category","embeddable":true,"href":"http:\/\/pkas.cz\/index.php?rest_route=%2Fwp%2Fv2%2Fcategories&post=2820"},{"taxonomy":"post_tag","embeddable":true,"href":"http:\/\/pkas.cz\/index.php?rest_route=%2Fwp%2Fv2%2Ftags&post=2820"}],"curies":[{"name":"wp","href":"https:\/\/api.w.org\/{rel}","templated":true}]}}