{"id":2806,"date":"2022-04-10T17:56:26","date_gmt":"2022-04-10T15:56:26","guid":{"rendered":"http:\/\/pkas.cz\/?p=2806"},"modified":"2022-04-10T17:59:40","modified_gmt":"2022-04-10T15:59:40","slug":"mcr-v-pulmaratonu-zlata-hrochova-a-stribrny-marcik","status":"publish","type":"post","link":"http:\/\/pkas.cz\/?p=2806","title":{"rendered":"M\u010cR v p\u016flmaratonu: Zlat\u00e1 Hrochov\u00e1 a st\u0159\u00edbrn\u00fd Mar\u010d\u00edk"},"content":{"rendered":"<h1>M\u010cR v p\u016flmaratonu: Zlat\u00e1 Hrochov\u00e1 a st\u0159\u00edbrn\u00fd Mar\u010d\u00edk<\/h1>\n<p><img loading=\"lazy\" decoding=\"async\" class=\"alignnone size-medium wp-image-2807\" src=\"http:\/\/pkas.cz\/wp-content\/uploads\/2022\/04\/Hrochova-a-Marcik-pulmaraton-300x300.jpg\" alt=\"\" width=\"300\" height=\"300\" srcset=\"http:\/\/pkas.cz\/wp-content\/uploads\/2022\/04\/Hrochova-a-Marcik-pulmaraton-300x300.jpg 300w, http:\/\/pkas.cz\/wp-content\/uploads\/2022\/04\/Hrochova-a-Marcik-pulmaraton-1024x1024.jpg 1024w, http:\/\/pkas.cz\/wp-content\/uploads\/2022\/04\/Hrochova-a-Marcik-pulmaraton-150x150.jpg 150w, http:\/\/pkas.cz\/wp-content\/uploads\/2022\/04\/Hrochova-a-Marcik-pulmaraton-768x768.jpg 768w, http:\/\/pkas.cz\/wp-content\/uploads\/2022\/04\/Hrochova-a-Marcik-pulmaraton.jpg 1440w\" sizes=\"(max-width: 300px) 100vw, 300px\" \/><img loading=\"lazy\" decoding=\"async\" class=\"alignnone size-medium wp-image-2809\" src=\"http:\/\/pkas.cz\/wp-content\/uploads\/2022\/04\/hrochova-300x300.jpg\" alt=\"\" width=\"300\" height=\"300\" srcset=\"http:\/\/pkas.cz\/wp-content\/uploads\/2022\/04\/hrochova-300x300.jpg 300w, http:\/\/pkas.cz\/wp-content\/uploads\/2022\/04\/hrochova-1024x1024.jpg 1024w, http:\/\/pkas.cz\/wp-content\/uploads\/2022\/04\/hrochova-150x150.jpg 150w, http:\/\/pkas.cz\/wp-content\/uploads\/2022\/04\/hrochova-768x768.jpg 768w, http:\/\/pkas.cz\/wp-content\/uploads\/2022\/04\/hrochova.jpg 1440w\" sizes=\"(max-width: 300px) 100vw, 300px\" \/><img loading=\"lazy\" decoding=\"async\" class=\"alignnone size-medium wp-image-2810\" src=\"http:\/\/pkas.cz\/wp-content\/uploads\/2022\/04\/marcik-300x300.jpg\" alt=\"\" width=\"300\" height=\"300\" srcset=\"http:\/\/pkas.cz\/wp-content\/uploads\/2022\/04\/marcik-300x300.jpg 300w, http:\/\/pkas.cz\/wp-content\/uploads\/2022\/04\/marcik-1024x1024.jpg 1024w, http:\/\/pkas.cz\/wp-content\/uploads\/2022\/04\/marcik-150x150.jpg 150w, http:\/\/pkas.cz\/wp-content\/uploads\/2022\/04\/marcik-768x768.jpg 768w, http:\/\/pkas.cz\/wp-content\/uploads\/2022\/04\/marcik.jpg 1440w\" sizes=\"(max-width: 300px) 100vw, 300px\" \/><\/p>\n<p>fotozdroj AK \u0160KODA Plze\u0148<\/p>\n<p>\u00dasp\u011b\u0161n\u00e9 vystoupen\u00ed maj\u00ed za sebou na M\u010cR v p\u016flmaratonu v Pardubic\u00edch dva z\u00e1vodn\u00edci plze\u0148sk\u00e9 \u0160KODY.<\/p>\n<p><strong>Tereza Hrochov\u00e1<\/strong> dok\u00e1zala obh\u00e1jit titul na p\u016flmaratonsk\u00e9 distanci a nav\u00edc \u00fato\u010dila na nejlep\u0161\u00ed v\u00fdkon mistrovstv\u00ed, kter\u00fd ji bohu\u017eel odv\u00e1l v\u00edtr ve druh\u00e9 polovin\u011b trati. P\u0159esto \u010das \u00a01:13:29, byl pouh\u00fdch 13 sekund za rekordem.<\/p>\n<p>Hodnocen\u00ed Terezy ve videu \u010cAS<\/p>\n<p><iframe loading=\"lazy\" title=\"Tereza Hrochov\u00e1 na M\u010cR v p\u016flmaratonu 2022\" width=\"843\" height=\"474\" src=\"https:\/\/www.youtube.com\/embed\/ykH1GBpUfA8?feature=oembed\" frameborder=\"0\" allow=\"accelerometer; autoplay; clipboard-write; encrypted-media; gyroscope; picture-in-picture\" allowfullscreen><\/iframe><\/p>\n<p><strong>Vlado Mar\u010d\u00edk<\/strong> bojoval o mistrovsk\u00fd titul s Ji\u0159\u00edm Homol\u00e1\u010dem, kdy\u017e se st\u0159\u00eddali o tempu z\u00e1vodu. Nakonec z toho bylo o \u0161est vte\u0159in st\u0159\u00edbro v nov\u00e9m osobn\u00edm rekordu 1:05:39., co\u017e je vylep\u0161en\u00ed st\u00e1vaj\u00edc\u00edho osobn\u00edho rekordu o 1 minutu a 13 vte\u0159in.<\/p>\n<p>Z dal\u0161\u00edch z\u00e1vodn\u00edk\u016f z na\u0161eho regionu se da\u0159ilo Luk\u00e1\u0161i Kr\u00fdslovi (AC Doma\u017elice), kter\u00fd prob\u011bhl tra\u0165 na 14. m\u00edst\u011b v nov\u00e9m osobn\u00edm rekordu 1:09,12.<\/p>\n<p>Z\u00e1znam ze z\u00e1vodu bude odvys\u00edl\u00e1n ve \u010dtvrtek 14. dubna od 16:25 na stanici \u010cT sport.<\/p>\n<p>&nbsp;<\/p>\n<p><a href=\"https:\/\/online.atletika.cz\/vysledky\/48366\">V\u00ddSLEDKY\u00a0<\/a><\/p>\n","protected":false},"excerpt":{"rendered":"<p>M\u010cR v p\u016flmaratonu: Zlat\u00e1 Hrochov\u00e1 a st\u0159\u00edbrn\u00fd Mar\u010d\u00edk fotozdroj AK \u0160KODA Plze\u0148 \u00dasp\u011b\u0161n\u00e9 vystoupen\u00ed maj\u00ed za sebou na M\u010cR v p\u016flmaratonu v Pardubic\u00edch dva z\u00e1vodn\u00edci&hellip;<\/p>\n","protected":false},"author":2,"featured_media":2809,"comment_status":"closed","ping_status":"closed","sticky":false,"template":"","format":"standard","meta":{"footnotes":""},"categories":[1],"tags":[],"jetpack_sharing_enabled":true,"jetpack_featured_media_url":"http:\/\/pkas.cz\/wp-content\/uploads\/2022\/04\/hrochova.jpg","_links":{"self":[{"href":"http:\/\/pkas.cz\/index.php?rest_route=\/wp\/v2\/posts\/2806"}],"collection":[{"href":"http:\/\/pkas.cz\/index.php?rest_route=\/wp\/v2\/posts"}],"about":[{"href":"http:\/\/pkas.cz\/index.php?rest_route=\/wp\/v2\/types\/post"}],"author":[{"embeddable":true,"href":"http:\/\/pkas.cz\/index.php?rest_route=\/wp\/v2\/users\/2"}],"replies":[{"embeddable":true,"href":"http:\/\/pkas.cz\/index.php?rest_route=%2Fwp%2Fv2%2Fcomments&post=2806"}],"version-history":[{"count":3,"href":"http:\/\/pkas.cz\/index.php?rest_route=\/wp\/v2\/posts\/2806\/revisions"}],"predecessor-version":[{"id":2812,"href":"http:\/\/pkas.cz\/index.php?rest_route=\/wp\/v2\/posts\/2806\/revisions\/2812"}],"wp:featuredmedia":[{"embeddable":true,"href":"http:\/\/pkas.cz\/index.php?rest_route=\/wp\/v2\/media\/2809"}],"wp:attachment":[{"href":"http:\/\/pkas.cz\/index.php?rest_route=%2Fwp%2Fv2%2Fmedia&parent=2806"}],"wp:term":[{"taxonomy":"category","embeddable":true,"href":"http:\/\/pkas.cz\/index.php?rest_route=%2Fwp%2Fv2%2Fcategories&post=2806"},{"taxonomy":"post_tag","embeddable":true,"href":"http:\/\/pkas.cz\/index.php?rest_route=%2Fwp%2Fv2%2Ftags&post=2806"}],"curies":[{"name":"wp","href":"https:\/\/api.w.org\/{rel}","templated":true}]}}