{"id":2800,"date":"2022-04-04T10:09:11","date_gmt":"2022-04-04T08:09:11","guid":{"rendered":"http:\/\/pkas.cz\/?p=2800"},"modified":"2022-04-04T10:09:23","modified_gmt":"2022-04-04T08:09:23","slug":"startuje-bezecky-pohar-mladeze-2022","status":"publish","type":"post","link":"http:\/\/pkas.cz\/?p=2800","title":{"rendered":"Startuje B\u011b\u017eeck\u00fd poh\u00e1r ml\u00e1de\u017ee 2022"},"content":{"rendered":"<h1>Startuje B\u011b\u017eeck\u00fd poh\u00e1r ml\u00e1de\u017ee 2022<\/h1>\n<p><img loading=\"lazy\" decoding=\"async\" class=\"alignnone size-medium wp-image-2421\" src=\"http:\/\/pkas.cz\/wp-content\/uploads\/2021\/09\/kardio2021-300x225.jpg\" alt=\"\" width=\"300\" height=\"225\" srcset=\"http:\/\/pkas.cz\/wp-content\/uploads\/2021\/09\/kardio2021-300x225.jpg 300w, http:\/\/pkas.cz\/wp-content\/uploads\/2021\/09\/kardio2021.jpg 448w\" sizes=\"(max-width: 300px) 100vw, 300px\" \/><\/p>\n<p>ilustra\u010dn\u00ed foto<\/p>\n<p>V ned\u011bli 10. 4. v Tachov\u011b odstartuje leto\u0161n\u00ed ro\u010dn\u00edk B\u011b\u017eeck\u00e9ho poh\u00e1ru ml\u00e1de\u017ee Plze\u0148sk\u00e9ho kraje.<\/p>\n<p>Premi\u00e9rov\u011b se pob\u011b\u017e\u00ed v okol\u00ed j\u00edzd\u00e1rny ve Sv\u011btc\u00edch a je nazv\u00e1n B\u011bh mraven\u010d\u00ed stezkou<\/p>\n<p><a href=\"http:\/\/www.pro-sport.cz\/sites\/PRO-SPORT.cz\/repository\/Propozice___B__h_mraven_____stezkou_2022_FIN.pdf\">PROPOZICE Z\u00c1VODU\u00a0<\/a><\/p>\n<p>&nbsp;<\/p>\n<p>Pozv\u00e1nka na dal\u0161\u00ed krosy:<\/p>\n<p>2. d\u00edl B\u011b\u017eeck\u00e9ho poh\u00e1ru ml\u00e1de\u017ee &#8211; 20.4. &#8211; <a href=\"http:\/\/www.pro-sport.cz\/sites\/PRO-SPORT.cz\/\/repository\/Propozice_B__h_osvobozen___2022.pdf\">B\u011bh osvobozen\u00ed<\/a> &#8211; Plze\u0148 &#8211; Litice<\/p>\n<p>Mocht\u00ednsk\u00fd p\u0159espoln\u00ed b\u011bh &#8211; 6.5. &#8211;\u00a0<a href=\"http:\/\/pkas.cz\/wp-content\/uploads\/2022\/04\/Mochtinsky-beh-barva-rozpis-2022-Tipsport.doc\">PROPOZICE<\/a><\/p>\n<p>&nbsp;<\/p>\n<p>&nbsp;<\/p>\n","protected":false},"excerpt":{"rendered":"<p>Startuje B\u011b\u017eeck\u00fd poh\u00e1r ml\u00e1de\u017ee 2022 ilustra\u010dn\u00ed foto V ned\u011bli 10. 4. v Tachov\u011b odstartuje leto\u0161n\u00ed ro\u010dn\u00edk B\u011b\u017eeck\u00e9ho poh\u00e1ru ml\u00e1de\u017ee Plze\u0148sk\u00e9ho kraje. Premi\u00e9rov\u011b se pob\u011b\u017e\u00ed v&hellip;<\/p>\n","protected":false},"author":2,"featured_media":2421,"comment_status":"closed","ping_status":"closed","sticky":false,"template":"","format":"standard","meta":{"footnotes":""},"categories":[1],"tags":[],"jetpack_sharing_enabled":true,"jetpack_featured_media_url":"http:\/\/pkas.cz\/wp-content\/uploads\/2021\/09\/kardio2021.jpg","_links":{"self":[{"href":"http:\/\/pkas.cz\/index.php?rest_route=\/wp\/v2\/posts\/2800"}],"collection":[{"href":"http:\/\/pkas.cz\/index.php?rest_route=\/wp\/v2\/posts"}],"about":[{"href":"http:\/\/pkas.cz\/index.php?rest_route=\/wp\/v2\/types\/post"}],"author":[{"embeddable":true,"href":"http:\/\/pkas.cz\/index.php?rest_route=\/wp\/v2\/users\/2"}],"replies":[{"embeddable":true,"href":"http:\/\/pkas.cz\/index.php?rest_route=%2Fwp%2Fv2%2Fcomments&post=2800"}],"version-history":[{"count":1,"href":"http:\/\/pkas.cz\/index.php?rest_route=\/wp\/v2\/posts\/2800\/revisions"}],"predecessor-version":[{"id":2802,"href":"http:\/\/pkas.cz\/index.php?rest_route=\/wp\/v2\/posts\/2800\/revisions\/2802"}],"wp:featuredmedia":[{"embeddable":true,"href":"http:\/\/pkas.cz\/index.php?rest_route=\/wp\/v2\/media\/2421"}],"wp:attachment":[{"href":"http:\/\/pkas.cz\/index.php?rest_route=%2Fwp%2Fv2%2Fmedia&parent=2800"}],"wp:term":[{"taxonomy":"category","embeddable":true,"href":"http:\/\/pkas.cz\/index.php?rest_route=%2Fwp%2Fv2%2Fcategories&post=2800"},{"taxonomy":"post_tag","embeddable":true,"href":"http:\/\/pkas.cz\/index.php?rest_route=%2Fwp%2Fv2%2Ftags&post=2800"}],"curies":[{"name":"wp","href":"https:\/\/api.w.org\/{rel}","templated":true}]}}