{"id":2797,"date":"2022-04-04T09:53:11","date_gmt":"2022-04-04T07:53:11","guid":{"rendered":"http:\/\/pkas.cz\/?p=2797"},"modified":"2022-04-04T09:53:11","modified_gmt":"2022-04-04T07:53:11","slug":"mcr-v-chuze-podebrady-2022","status":"publish","type":"post","link":"http:\/\/pkas.cz\/?p=2797","title":{"rendered":"M\u010cR v ch\u016fze Pod\u011bbrady 2022"},"content":{"rendered":"<h1>M\u010cR v ch\u016fze Pod\u011bbrady 2022<\/h1>\n<p><img loading=\"lazy\" decoding=\"async\" class=\"alignnone size-medium wp-image-2798\" src=\"http:\/\/pkas.cz\/wp-content\/uploads\/2022\/04\/moravek-podebrady-2022-300x200.jpg\" alt=\"\" width=\"300\" height=\"200\" srcset=\"http:\/\/pkas.cz\/wp-content\/uploads\/2022\/04\/moravek-podebrady-2022-300x200.jpg 300w, http:\/\/pkas.cz\/wp-content\/uploads\/2022\/04\/moravek-podebrady-2022-1024x683.jpg 1024w, http:\/\/pkas.cz\/wp-content\/uploads\/2022\/04\/moravek-podebrady-2022-768x512.jpg 768w, http:\/\/pkas.cz\/wp-content\/uploads\/2022\/04\/moravek-podebrady-2022-391x260.jpg 391w, http:\/\/pkas.cz\/wp-content\/uploads\/2022\/04\/moravek-podebrady-2022.jpg 1440w\" sizes=\"(max-width: 300px) 100vw, 300px\" \/><\/p>\n<p>Jarom\u00edr Mor\u00e1vek \u010d\u00edslo 182 (fotozdroj AK \u0160KODA Plze\u0148)<\/p>\n<p>Chodec Jarom\u00edr Mor\u00e1vek h\u00e1j\u00edc\u00ed barvy AK \u0160KODA Plze\u0148 do\u0161el na juniorsk\u00e9m desetikilometrov\u00e9m mezist\u00e1tn\u00edm utk\u00e1n\u00ed v Pod\u011bbradech na t\u0159et\u00ed m\u00edst\u011b a \u010dasem 42:36 se kvalifikoval na Mistrovstv\u00ed sv\u011bta U 20, kter\u00e9 se uskute\u010dn\u00ed v kolumbijsk\u00e9m Cali.<\/p>\n<p>Spole\u010dn\u011b s kolegy Zaj\u00ed\u010dkem a Hurd\u00e1lkem ovl\u00e1dli i sout\u011b\u017e dru\u017estev.<\/p>\n<p>Na mistrovsk\u00e9 dvac\u00edtce skon\u010dili t\u011bsn\u011b pod stupni v\u00edt\u011bz\u016f ob\u011b \u0160kodova\u010dky:<\/p>\n<p>4. m\u00edsto Jana Zikmundov\u00e1 , 5. m\u00edsto Michaela Bakl\u00edkov\u00e1. Jana Zikmundov\u00e1 pomohla sv\u00fdm um\u00edst\u011bn\u00edm k v\u00edt\u011bzstv\u00ed dru\u017estva \u017een v mezist\u00e1tn\u00edm utk\u00e1n\u00ed.<\/p>\n<p>&nbsp;<\/p>\n<p><a href=\"http:\/\/chrome-extension:\/\/efaidnbmnnnibpcajpcglclefindmkaj\/viewer.html?pdfurl=https%3A%2F%2Fonline.atletika.cz%2Fupload%2Finternational%2520match.pdf&amp;clen=4545492&amp;chunk=true\">V\u00ddSLEDKY Z POD\u011aBRAD<\/a><\/p>\n","protected":false},"excerpt":{"rendered":"<p>M\u010cR v ch\u016fze Pod\u011bbrady 2022 Jarom\u00edr Mor\u00e1vek \u010d\u00edslo 182 (fotozdroj AK \u0160KODA Plze\u0148) Chodec Jarom\u00edr Mor\u00e1vek h\u00e1j\u00edc\u00ed barvy AK \u0160KODA Plze\u0148 do\u0161el na juniorsk\u00e9m desetikilometrov\u00e9m&hellip;<\/p>\n","protected":false},"author":2,"featured_media":2798,"comment_status":"closed","ping_status":"closed","sticky":false,"template":"","format":"standard","meta":{"footnotes":""},"categories":[1],"tags":[],"jetpack_sharing_enabled":true,"jetpack_featured_media_url":"http:\/\/pkas.cz\/wp-content\/uploads\/2022\/04\/moravek-podebrady-2022.jpg","_links":{"self":[{"href":"http:\/\/pkas.cz\/index.php?rest_route=\/wp\/v2\/posts\/2797"}],"collection":[{"href":"http:\/\/pkas.cz\/index.php?rest_route=\/wp\/v2\/posts"}],"about":[{"href":"http:\/\/pkas.cz\/index.php?rest_route=\/wp\/v2\/types\/post"}],"author":[{"embeddable":true,"href":"http:\/\/pkas.cz\/index.php?rest_route=\/wp\/v2\/users\/2"}],"replies":[{"embeddable":true,"href":"http:\/\/pkas.cz\/index.php?rest_route=%2Fwp%2Fv2%2Fcomments&post=2797"}],"version-history":[{"count":1,"href":"http:\/\/pkas.cz\/index.php?rest_route=\/wp\/v2\/posts\/2797\/revisions"}],"predecessor-version":[{"id":2799,"href":"http:\/\/pkas.cz\/index.php?rest_route=\/wp\/v2\/posts\/2797\/revisions\/2799"}],"wp:featuredmedia":[{"embeddable":true,"href":"http:\/\/pkas.cz\/index.php?rest_route=\/wp\/v2\/media\/2798"}],"wp:attachment":[{"href":"http:\/\/pkas.cz\/index.php?rest_route=%2Fwp%2Fv2%2Fmedia&parent=2797"}],"wp:term":[{"taxonomy":"category","embeddable":true,"href":"http:\/\/pkas.cz\/index.php?rest_route=%2Fwp%2Fv2%2Fcategories&post=2797"},{"taxonomy":"post_tag","embeddable":true,"href":"http:\/\/pkas.cz\/index.php?rest_route=%2Fwp%2Fv2%2Ftags&post=2797"}],"curies":[{"name":"wp","href":"https:\/\/api.w.org\/{rel}","templated":true}]}}