{"id":2778,"date":"2022-03-28T10:16:45","date_gmt":"2022-03-28T08:16:45","guid":{"rendered":"http:\/\/pkas.cz\/?p=2778"},"modified":"2022-03-28T10:17:24","modified_gmt":"2022-03-28T08:17:24","slug":"mcr-v-krosu-mladeze-2-zlate-do-naseho-kraje","status":"publish","type":"post","link":"http:\/\/pkas.cz\/?p=2778","title":{"rendered":"M\u010cR v krosu ml\u00e1de\u017ee: 2 zlat\u00e9 do na\u0161eho kraje"},"content":{"rendered":"<h1>M\u010cR v krosu ml\u00e1de\u017ee: 2 zlat\u00e9 do na\u0161eho kraje<\/h1>\n<p><img loading=\"lazy\" decoding=\"async\" class=\"alignnone size-medium wp-image-2779\" src=\"http:\/\/pkas.cz\/wp-content\/uploads\/2022\/03\/jan-skarban-kros-2022-225x300.jpg\" alt=\"\" width=\"225\" height=\"300\" srcset=\"http:\/\/pkas.cz\/wp-content\/uploads\/2022\/03\/jan-skarban-kros-2022-225x300.jpg 225w, http:\/\/pkas.cz\/wp-content\/uploads\/2022\/03\/jan-skarban-kros-2022-768x1024.jpg 768w, http:\/\/pkas.cz\/wp-content\/uploads\/2022\/03\/jan-skarban-kros-2022-1152x1536.jpg 1152w, http:\/\/pkas.cz\/wp-content\/uploads\/2022\/03\/jan-skarban-kros-2022.jpg 1536w\" sizes=\"(max-width: 225px) 100vw, 225px\" \/> <img loading=\"lazy\" decoding=\"async\" class=\"alignnone size-medium wp-image-2780\" src=\"http:\/\/pkas.cz\/wp-content\/uploads\/2022\/03\/ema-novakova-kros-2022-225x300.jpg\" alt=\"\" width=\"225\" height=\"300\" srcset=\"http:\/\/pkas.cz\/wp-content\/uploads\/2022\/03\/ema-novakova-kros-2022-225x300.jpg 225w, http:\/\/pkas.cz\/wp-content\/uploads\/2022\/03\/ema-novakova-kros-2022-768x1024.jpg 768w, http:\/\/pkas.cz\/wp-content\/uploads\/2022\/03\/ema-novakova-kros-2022-1152x1536.jpg 1152w, http:\/\/pkas.cz\/wp-content\/uploads\/2022\/03\/ema-novakova-kros-2022.jpg 1536w\" sizes=\"(max-width: 225px) 100vw, 225px\" \/> <img loading=\"lazy\" decoding=\"async\" class=\"alignnone wp-image-2781\" src=\"http:\/\/pkas.cz\/wp-content\/uploads\/2022\/03\/Start-krosu-2022-slavkov-300x225.jpg\" alt=\"\" width=\"397\" height=\"298\" srcset=\"http:\/\/pkas.cz\/wp-content\/uploads\/2022\/03\/Start-krosu-2022-slavkov-300x225.jpg 300w, http:\/\/pkas.cz\/wp-content\/uploads\/2022\/03\/Start-krosu-2022-slavkov-1024x768.jpg 1024w, http:\/\/pkas.cz\/wp-content\/uploads\/2022\/03\/Start-krosu-2022-slavkov-768x576.jpg 768w, http:\/\/pkas.cz\/wp-content\/uploads\/2022\/03\/Start-krosu-2022-slavkov.jpg 1080w\" sizes=\"(max-width: 397px) 100vw, 397px\" \/><\/p>\n<p>fotozdroj AK \u0160KODA Plze\u0148<\/p>\n<p>Atletika a nab\u00eddka z\u00e1vod\u011bn\u00ed m\u00e1 celoro\u010dn\u00ed trv\u00e1n\u00ed. Po ukon\u010den\u00ed halov\u00e9 sez\u00f3ny se hned konalo M\u010cR v p\u0159espoln\u00edm b\u011bhu ve Slavkov\u011b u Brna.<\/p>\n<p>25.3. na jihu Moravy byl \u00fasp\u011b\u0161n\u00fd den n\u011bkolik na\u0161ich z\u00e1vodn\u00edk\u016f. Titul z M\u010cR si dokonce odv\u00e1\u017eej\u00ed dva z nich:<\/p>\n<p>Jedn\u00edm z favorit\u016f sout\u011b\u017ee dorostu byl <strong>Jan \u0160karban<\/strong>, kter\u00fd po halov\u00e9m titulu dok\u00e1zal i na 4 km dlouh\u00e9m krosu ve vyrovnan\u00e9m z\u00e1vodu uzmout zlato.<\/p>\n<p>Da\u0159ilo se i dal\u0161\u00edm borc\u016fm z t\u00e9to v\u011bkov\u00e9 kategorii: st\u0159\u00edbrsk\u00fd <strong>Ji\u0159\u00ed \u0160piroch<\/strong> byl p\u00e1t\u00fd a <strong>Martin Honl<\/strong> (AK \u0160KODA) osm\u00fd. T\u011bsn\u011b za des\u00edtkou je\u0161t\u011b dob\u011bhl 11. Jan Riegel a 15. Michal Pergler reprezentuj\u00edc\u00ed (AC Doma\u017elice).<\/p>\n<p>\u00daplnou senzac\u00ed potom bylo v\u00edt\u011bzstv\u00ed <strong>Emy Nov\u00e1kov\u00e9 v mlad\u0161\u00edm \u017eactvu. <\/strong>V\u00edt\u011bzka lo\u0148sk\u00e9ho B\u011b\u017eeck\u00e9ho poh\u00e1ru Plze\u0148sk\u00e9ho kraje v kategorii p\u0159\u00edpravek nena\u0161la p\u0159emo\u017eitelku ani mezi o rok star\u0161\u00edmi soupe\u0159kami a s n\u00e1skokem 2 sekund z\u00edskala prvn\u00ed mistrovsk\u00fd titul.<\/p>\n<p>Z dal\u0161\u00edch um\u00edst\u011bn\u00ed:<\/p>\n<p>V dorostenk\u00e1ch si po halov\u00fdch mistrovstv\u00edch dala pauzu, ale na kros ji\u017e z pln\u00e9ho tr\u00e9ninku se vydala a \u017ee to nebyl proti v\u016fbec \u0161patn\u00fd z\u00e1vod. Nakonec <strong>Krist\u00fdna Dvo\u0159\u00e1kov\u00e1 <\/strong>obsadila nepopul\u00e1rn\u00ed, ale p\u011bkn\u00e9 \u010dtvrt\u00e9 m\u00edsto. Do prvn\u00ed patn\u00e1ctky je\u0161t\u011b byli <strong>11.<\/strong> <strong>Barbora Jedli\u010dkov\u00e1 a<\/strong>\u00a0 <strong>14.<\/strong> <strong>Lucie Hudouskov\u00e1.<\/strong><\/p>\n<p>Dal\u0161\u00ed\u00a0<a href=\"https:\/\/online.atletika.cz\/vysledky\/48363\/0\/2\">V\u00ddSLEDKY<\/a><\/p>\n<p>&nbsp;<\/p>\n","protected":false},"excerpt":{"rendered":"<p>M\u010cR v krosu ml\u00e1de\u017ee: 2 zlat\u00e9 do na\u0161eho kraje fotozdroj AK \u0160KODA Plze\u0148 Atletika a nab\u00eddka z\u00e1vod\u011bn\u00ed m\u00e1 celoro\u010dn\u00ed trv\u00e1n\u00ed. Po ukon\u010den\u00ed halov\u00e9 sez\u00f3ny se&hellip;<\/p>\n","protected":false},"author":2,"featured_media":2781,"comment_status":"closed","ping_status":"closed","sticky":false,"template":"","format":"standard","meta":{"footnotes":""},"categories":[1],"tags":[],"jetpack_sharing_enabled":true,"jetpack_featured_media_url":"http:\/\/pkas.cz\/wp-content\/uploads\/2022\/03\/Start-krosu-2022-slavkov.jpg","_links":{"self":[{"href":"http:\/\/pkas.cz\/index.php?rest_route=\/wp\/v2\/posts\/2778"}],"collection":[{"href":"http:\/\/pkas.cz\/index.php?rest_route=\/wp\/v2\/posts"}],"about":[{"href":"http:\/\/pkas.cz\/index.php?rest_route=\/wp\/v2\/types\/post"}],"author":[{"embeddable":true,"href":"http:\/\/pkas.cz\/index.php?rest_route=\/wp\/v2\/users\/2"}],"replies":[{"embeddable":true,"href":"http:\/\/pkas.cz\/index.php?rest_route=%2Fwp%2Fv2%2Fcomments&post=2778"}],"version-history":[{"count":2,"href":"http:\/\/pkas.cz\/index.php?rest_route=\/wp\/v2\/posts\/2778\/revisions"}],"predecessor-version":[{"id":2783,"href":"http:\/\/pkas.cz\/index.php?rest_route=\/wp\/v2\/posts\/2778\/revisions\/2783"}],"wp:featuredmedia":[{"embeddable":true,"href":"http:\/\/pkas.cz\/index.php?rest_route=\/wp\/v2\/media\/2781"}],"wp:attachment":[{"href":"http:\/\/pkas.cz\/index.php?rest_route=%2Fwp%2Fv2%2Fmedia&parent=2778"}],"wp:term":[{"taxonomy":"category","embeddable":true,"href":"http:\/\/pkas.cz\/index.php?rest_route=%2Fwp%2Fv2%2Fcategories&post=2778"},{"taxonomy":"post_tag","embeddable":true,"href":"http:\/\/pkas.cz\/index.php?rest_route=%2Fwp%2Fv2%2Ftags&post=2778"}],"curies":[{"name":"wp","href":"https:\/\/api.w.org\/{rel}","templated":true}]}}