{"id":2772,"date":"2022-03-21T08:59:00","date_gmt":"2022-03-21T07:59:00","guid":{"rendered":"http:\/\/pkas.cz\/?p=2772"},"modified":"2022-03-21T08:59:00","modified_gmt":"2022-03-21T07:59:00","slug":"tereza-petrzilkova-21-na-halovem-mistrovstvi-sveta-v-belehrade","status":"publish","type":"post","link":"http:\/\/pkas.cz\/?p=2772","title":{"rendered":"Tereza Petr\u017e\u00edlkov\u00e1 21. na Halov\u00e9m mistrovstv\u00ed sv\u011bta v B\u011blehrad\u011b"},"content":{"rendered":"<h1>Tereza Petr\u017e\u00edlkov\u00e1 21. na Halov\u00e9m mistrovstv\u00ed sv\u011bta v B\u011blehrad\u011b<\/h1>\n<p><img loading=\"lazy\" decoding=\"async\" class=\"alignnone size-medium wp-image-2773\" src=\"http:\/\/pkas.cz\/wp-content\/uploads\/2022\/03\/petrzilkova-hms-300x200.jpg\" alt=\"\" width=\"300\" height=\"200\" srcset=\"http:\/\/pkas.cz\/wp-content\/uploads\/2022\/03\/petrzilkova-hms-300x200.jpg 300w, http:\/\/pkas.cz\/wp-content\/uploads\/2022\/03\/petrzilkova-hms-1024x683.jpg 1024w, http:\/\/pkas.cz\/wp-content\/uploads\/2022\/03\/petrzilkova-hms-768x512.jpg 768w, http:\/\/pkas.cz\/wp-content\/uploads\/2022\/03\/petrzilkova-hms-391x260.jpg 391w, http:\/\/pkas.cz\/wp-content\/uploads\/2022\/03\/petrzilkova-hms.jpg 1440w\" sizes=\"(max-width: 300px) 100vw, 300px\" \/><\/p>\n<p>fotozdroj AK \u0160KODA Plze\u0148<\/p>\n<p>Tereza Petr\u017e\u00edlkov\u00e1 si splnila sen a nominovala se v individu\u00e1ln\u00ed discipl\u00edn\u011b na Halov\u00e9 mistrovstv\u00ed sv\u011bta 2022 v B\u011blehradu.<\/p>\n<p>P\u0159edstavila se v p\u00e1te\u010dn\u00edch rozb\u011bz\u00edch na 400m, kde obsadila kone\u010dnou 21. pozici a do semifin\u00e1le nepostoupila. \u010cas 53,05s je druh\u00fd v kari\u00e9\u0159e.<\/p>\n<p>Pocity po dob\u011bhu hodnotila Tereza ve <a href=\"https:\/\/youtu.be\/MzpNoOUIwUM\">videu \u010cAS\u00a0<\/a><\/p>\n<p>Informace z HMS v B\u011blehradu na <a href=\"https:\/\/www.atletika.cz\/zaostreno-na\/hms-belehrad-20221\/\">webu \u010cAS<\/a> a <a href=\"https:\/\/www.worldathletics.org\/competitions\/world-athletics-indoor-championships\/belgrade22\/timetable\">KOMPLETN\u00cd V\u00ddSLEDKY V SERVISU WA<\/a><\/p>\n<p>&nbsp;<\/p>\n<p>&nbsp;<\/p>\n","protected":false},"excerpt":{"rendered":"<p>Tereza Petr\u017e\u00edlkov\u00e1 21. na Halov\u00e9m mistrovstv\u00ed sv\u011bta v B\u011blehrad\u011b fotozdroj AK \u0160KODA Plze\u0148 Tereza Petr\u017e\u00edlkov\u00e1 si splnila sen a nominovala se v individu\u00e1ln\u00ed discipl\u00edn\u011b na&hellip;<\/p>\n","protected":false},"author":2,"featured_media":2773,"comment_status":"closed","ping_status":"closed","sticky":false,"template":"","format":"standard","meta":{"footnotes":""},"categories":[1],"tags":[],"jetpack_sharing_enabled":true,"jetpack_featured_media_url":"http:\/\/pkas.cz\/wp-content\/uploads\/2022\/03\/petrzilkova-hms.jpg","_links":{"self":[{"href":"http:\/\/pkas.cz\/index.php?rest_route=\/wp\/v2\/posts\/2772"}],"collection":[{"href":"http:\/\/pkas.cz\/index.php?rest_route=\/wp\/v2\/posts"}],"about":[{"href":"http:\/\/pkas.cz\/index.php?rest_route=\/wp\/v2\/types\/post"}],"author":[{"embeddable":true,"href":"http:\/\/pkas.cz\/index.php?rest_route=\/wp\/v2\/users\/2"}],"replies":[{"embeddable":true,"href":"http:\/\/pkas.cz\/index.php?rest_route=%2Fwp%2Fv2%2Fcomments&post=2772"}],"version-history":[{"count":1,"href":"http:\/\/pkas.cz\/index.php?rest_route=\/wp\/v2\/posts\/2772\/revisions"}],"predecessor-version":[{"id":2774,"href":"http:\/\/pkas.cz\/index.php?rest_route=\/wp\/v2\/posts\/2772\/revisions\/2774"}],"wp:featuredmedia":[{"embeddable":true,"href":"http:\/\/pkas.cz\/index.php?rest_route=\/wp\/v2\/media\/2773"}],"wp:attachment":[{"href":"http:\/\/pkas.cz\/index.php?rest_route=%2Fwp%2Fv2%2Fmedia&parent=2772"}],"wp:term":[{"taxonomy":"category","embeddable":true,"href":"http:\/\/pkas.cz\/index.php?rest_route=%2Fwp%2Fv2%2Fcategories&post=2772"},{"taxonomy":"post_tag","embeddable":true,"href":"http:\/\/pkas.cz\/index.php?rest_route=%2Fwp%2Fv2%2Ftags&post=2772"}],"curies":[{"name":"wp","href":"https:\/\/api.w.org\/{rel}","templated":true}]}}