{"id":2763,"date":"2022-03-17T06:00:22","date_gmt":"2022-03-17T05:00:22","guid":{"rendered":"http:\/\/pkas.cz\/?p=2763"},"modified":"2022-03-16T10:39:34","modified_gmt":"2022-03-16T09:39:34","slug":"zimni-evropsky-pohar-ve-vrzich-a-ms-v-chuzi-druzstev","status":"publish","type":"post","link":"http:\/\/pkas.cz\/?p=2763","title":{"rendered":"Zimn\u00ed Evropsk\u00fd poh\u00e1r ve vrz\u00edch a MS v ch\u016fzi dru\u017estev"},"content":{"rendered":"<h1>Zimn\u00ed Evropsk\u00fd poh\u00e1r ve vrz\u00edch a MS v<\/h1>\n<h1>ch\u016fzi dru\u017estev<\/h1>\n<h1><img loading=\"lazy\" decoding=\"async\" class=\"alignnone wp-image-2764 size-medium\" style=\"font-size: 16px;\" src=\"http:\/\/pkas.cz\/wp-content\/uploads\/2022\/03\/leira-2022-300x300.jpg\" alt=\"\" width=\"300\" height=\"300\" srcset=\"http:\/\/pkas.cz\/wp-content\/uploads\/2022\/03\/leira-2022-300x300.jpg 300w, http:\/\/pkas.cz\/wp-content\/uploads\/2022\/03\/leira-2022-1024x1024.jpg 1024w, http:\/\/pkas.cz\/wp-content\/uploads\/2022\/03\/leira-2022-150x150.jpg 150w, http:\/\/pkas.cz\/wp-content\/uploads\/2022\/03\/leira-2022-768x768.jpg 768w, http:\/\/pkas.cz\/wp-content\/uploads\/2022\/03\/leira-2022.jpg 1440w\" sizes=\"(max-width: 300px) 100vw, 300px\" \/><\/h1>\n<p>FOTOZDROJ AK \u0160KODA Plze\u0148<\/p>\n<p>V prvn\u00ed polovin\u011b b\u0159ezna se uskute\u010dnili dv\u011b reprezenta\u010dn\u00ed akce, kam poslal i z\u00e1pado\u010desk\u00e1 atletika sv\u00e9 z\u00e1stupce.<\/p>\n<p>V portugalsk\u00e9 Lei\u0159e se uskute\u010dnil Zimn\u00ed poh\u00e1r vrha\u010d\u016f. Dres \u010cR zde reprezentovala<\/p>\n<p><strong>Petra Si\u010dakov\u00e1<\/strong> v hodu o\u0161t\u011bpem dvakr\u00e1t p\u0159ehodila pades\u00e1t metr\u016f, p\u0159i\u010dem\u017e jej\u00ed nejdel\u0161\u00ed pokus m\u011b\u0159il 50.99, co\u017e sta\u010dilo v celkov\u00e9m hodnocen\u00ed na p\u00e1t\u00e9 m\u00edsto.<\/p>\n<p><strong>Barbora Tich\u00e1\u00a0<\/strong>si vylep\u0161ila osobn\u00ed rekord na 53.51 a v\u00a0sout\u011b\u017ei \u017een byla \u0161estn\u00e1ct\u00e1.<\/p>\n<p><strong>Radek J\u016fda <\/strong>zapsal v o\u0161t\u011bpu nejl\u00e9pe 69.63m a pat\u0159ila mu v z\u00e1vod\u011b \u0161estn\u00e1ct\u00e1 pozice.<\/p>\n<p><a href=\"https:\/\/online.atletika.cz\/upload\/leiria%2012-13.3.2022.pdf\">V\u00ddSLEDKY<\/a><\/p>\n<p>&nbsp;<\/p>\n<p>Je\u0161t\u011b o t\u00fdden\u00a0 d\u0159\u00edve reprezentovala v juniorsk\u00e9m z\u00e1vod\u011b na MS v ch\u016fzi dru\u017estev nov\u00e1 chodeck\u00e1 akvizice AK \u0160KODA Plze\u0148 <strong>Jarom\u00edr Mor\u00e1vek<\/strong>.<\/p>\n<p>V t\u011b\u017ek\u00fdch podm\u00ednk\u00e1ch za\u010dal z\u00e1vod velmi odv\u00e1\u017en\u011b a uk\u00e1zalo s, \u017ee to bylo nad jeho s\u00edly a z\u00e1vod na deset kilometr\u016f bohu\u017eel nedokon\u010dil.<\/p>\n<p><a href=\"https:\/\/online.atletika.cz\/upload\/muscat%204-5.3.2022.pdf\">V\u00ddSLEDKY<\/a><\/p>\n<figure id=\"attachment_2765\" aria-describedby=\"caption-attachment-2765\" style=\"width: 300px\" class=\"wp-caption alignnone\"><img loading=\"lazy\" decoding=\"async\" class=\"size-medium wp-image-2765\" src=\"http:\/\/pkas.cz\/wp-content\/uploads\/2022\/03\/moravek-MS-CHUZE-300x211.jpg\" alt=\"\" width=\"300\" height=\"211\" srcset=\"http:\/\/pkas.cz\/wp-content\/uploads\/2022\/03\/moravek-MS-CHUZE-300x211.jpg 300w, http:\/\/pkas.cz\/wp-content\/uploads\/2022\/03\/moravek-MS-CHUZE-1024x722.jpg 1024w, http:\/\/pkas.cz\/wp-content\/uploads\/2022\/03\/moravek-MS-CHUZE-768x541.jpg 768w, http:\/\/pkas.cz\/wp-content\/uploads\/2022\/03\/moravek-MS-CHUZE.jpg 1500w\" sizes=\"(max-width: 300px) 100vw, 300px\" \/><figcaption id=\"caption-attachment-2765\" class=\"wp-caption-text\">Photo by Francois Nel\/Getty Images for World Athletics)<\/figcaption><\/figure>\n","protected":false},"excerpt":{"rendered":"<p>Zimn\u00ed Evropsk\u00fd poh\u00e1r ve vrz\u00edch a MS v ch\u016fzi dru\u017estev FOTOZDROJ AK \u0160KODA Plze\u0148 V prvn\u00ed polovin\u011b b\u0159ezna se uskute\u010dnili dv\u011b reprezenta\u010dn\u00ed akce, kam poslal&hellip;<\/p>\n","protected":false},"author":2,"featured_media":2764,"comment_status":"closed","ping_status":"closed","sticky":false,"template":"","format":"standard","meta":{"footnotes":""},"categories":[1],"tags":[],"jetpack_sharing_enabled":true,"jetpack_featured_media_url":"http:\/\/pkas.cz\/wp-content\/uploads\/2022\/03\/leira-2022.jpg","_links":{"self":[{"href":"http:\/\/pkas.cz\/index.php?rest_route=\/wp\/v2\/posts\/2763"}],"collection":[{"href":"http:\/\/pkas.cz\/index.php?rest_route=\/wp\/v2\/posts"}],"about":[{"href":"http:\/\/pkas.cz\/index.php?rest_route=\/wp\/v2\/types\/post"}],"author":[{"embeddable":true,"href":"http:\/\/pkas.cz\/index.php?rest_route=\/wp\/v2\/users\/2"}],"replies":[{"embeddable":true,"href":"http:\/\/pkas.cz\/index.php?rest_route=%2Fwp%2Fv2%2Fcomments&post=2763"}],"version-history":[{"count":4,"href":"http:\/\/pkas.cz\/index.php?rest_route=\/wp\/v2\/posts\/2763\/revisions"}],"predecessor-version":[{"id":2769,"href":"http:\/\/pkas.cz\/index.php?rest_route=\/wp\/v2\/posts\/2763\/revisions\/2769"}],"wp:featuredmedia":[{"embeddable":true,"href":"http:\/\/pkas.cz\/index.php?rest_route=\/wp\/v2\/media\/2764"}],"wp:attachment":[{"href":"http:\/\/pkas.cz\/index.php?rest_route=%2Fwp%2Fv2%2Fmedia&parent=2763"}],"wp:term":[{"taxonomy":"category","embeddable":true,"href":"http:\/\/pkas.cz\/index.php?rest_route=%2Fwp%2Fv2%2Fcategories&post=2763"},{"taxonomy":"post_tag","embeddable":true,"href":"http:\/\/pkas.cz\/index.php?rest_route=%2Fwp%2Fv2%2Ftags&post=2763"}],"curies":[{"name":"wp","href":"https:\/\/api.w.org\/{rel}","templated":true}]}}