{"id":2753,"date":"2022-03-16T09:29:43","date_gmt":"2022-03-16T08:29:43","guid":{"rendered":"http:\/\/pkas.cz\/?p=2753"},"modified":"2022-03-16T09:42:55","modified_gmt":"2022-03-16T08:42:55","slug":"om-pripravek","status":"publish","type":"post","link":"http:\/\/pkas.cz\/?p=2753","title":{"rendered":"OM p\u0159\u00edpravek"},"content":{"rendered":"<h1>OM p\u0159\u00edpravek<\/h1>\n<p><img loading=\"lazy\" decoding=\"async\" class=\"alignnone  wp-image-2754\" src=\"http:\/\/pkas.cz\/wp-content\/uploads\/2022\/03\/pripravky-hala-2022-225x300.jpeg\" alt=\"\" width=\"272\" height=\"363\" srcset=\"http:\/\/pkas.cz\/wp-content\/uploads\/2022\/03\/pripravky-hala-2022-225x300.jpeg 225w, http:\/\/pkas.cz\/wp-content\/uploads\/2022\/03\/pripravky-hala-2022-768x1024.jpeg 768w, http:\/\/pkas.cz\/wp-content\/uploads\/2022\/03\/pripravky-hala-2022-1152x1536.jpeg 1152w, http:\/\/pkas.cz\/wp-content\/uploads\/2022\/03\/pripravky-hala-2022.jpeg 1536w\" sizes=\"(max-width: 272px) 100vw, 272px\" \/><\/p>\n<p>V ned\u011bli 13.3. se uskute\u010dnilo v Praze na Strahov\u011b OM p\u0159\u00edpravek Plze\u0148sk\u00e9ho kraje. Po ro\u010dn\u00ed odluce se p\u0159edstavili na z\u00e1vodech i nejmen\u0161\u00ed z\u00e1vodnici a n\u011bkter\u00fdm se da\u0159ilo l\u00e9pe, n\u011bkter\u00fdm h\u016f\u0159e. D\u016fle\u017eit\u00e9 je ale d\u011bti op\u011bt p\u0159it\u00e1hnout ke sportu a organizovat pro n\u011b tyto akce, aby zde byl n\u011bjak\u00fd atletick\u00fd pot\u011br, ze kter\u00e9ho m\u016f\u017ee op\u011bt vyr\u016fst v\u00fdkonnost\u00ed sportovci. V\u011b\u0159\u00edme, \u017ee halov\u00e9 z\u00e1vody byl takov\u00fd spr\u00e1vn\u00fd impulz a ji\u017e se t\u011b\u0161\u00edme na duben, kdy odstartuje B\u011b\u017eeck\u00fd poh\u00e1r ml\u00e1de\u017ee a od kv\u011btna budou n\u00e1sledovat i sout\u011b\u017ee na dr\u00e1ze.<\/p>\n<p><a href=\"https:\/\/online.atletika.cz\/vysledky\/51821\">V\u00ddSLEDKY<\/a><\/p>\n<p>&nbsp;<\/p>\n","protected":false},"excerpt":{"rendered":"<p>OM p\u0159\u00edpravek V ned\u011bli 13.3. se uskute\u010dnilo v Praze na Strahov\u011b OM p\u0159\u00edpravek Plze\u0148sk\u00e9ho kraje. Po ro\u010dn\u00ed odluce se p\u0159edstavili na z\u00e1vodech i nejmen\u0161\u00ed z\u00e1vodnici&hellip;<\/p>\n","protected":false},"author":2,"featured_media":2757,"comment_status":"closed","ping_status":"closed","sticky":false,"template":"","format":"standard","meta":{"footnotes":""},"categories":[1],"tags":[],"jetpack_sharing_enabled":true,"jetpack_featured_media_url":"http:\/\/pkas.cz\/wp-content\/uploads\/2022\/03\/pripravky-hala-1-2022.jpeg","_links":{"self":[{"href":"http:\/\/pkas.cz\/index.php?rest_route=\/wp\/v2\/posts\/2753"}],"collection":[{"href":"http:\/\/pkas.cz\/index.php?rest_route=\/wp\/v2\/posts"}],"about":[{"href":"http:\/\/pkas.cz\/index.php?rest_route=\/wp\/v2\/types\/post"}],"author":[{"embeddable":true,"href":"http:\/\/pkas.cz\/index.php?rest_route=\/wp\/v2\/users\/2"}],"replies":[{"embeddable":true,"href":"http:\/\/pkas.cz\/index.php?rest_route=%2Fwp%2Fv2%2Fcomments&post=2753"}],"version-history":[{"count":3,"href":"http:\/\/pkas.cz\/index.php?rest_route=\/wp\/v2\/posts\/2753\/revisions"}],"predecessor-version":[{"id":2758,"href":"http:\/\/pkas.cz\/index.php?rest_route=\/wp\/v2\/posts\/2753\/revisions\/2758"}],"wp:featuredmedia":[{"embeddable":true,"href":"http:\/\/pkas.cz\/index.php?rest_route=\/wp\/v2\/media\/2757"}],"wp:attachment":[{"href":"http:\/\/pkas.cz\/index.php?rest_route=%2Fwp%2Fv2%2Fmedia&parent=2753"}],"wp:term":[{"taxonomy":"category","embeddable":true,"href":"http:\/\/pkas.cz\/index.php?rest_route=%2Fwp%2Fv2%2Fcategories&post=2753"},{"taxonomy":"post_tag","embeddable":true,"href":"http:\/\/pkas.cz\/index.php?rest_route=%2Fwp%2Fv2%2Ftags&post=2753"}],"curies":[{"name":"wp","href":"https:\/\/api.w.org\/{rel}","templated":true}]}}