{"id":2732,"date":"2022-03-08T00:26:54","date_gmt":"2022-03-07T23:26:54","guid":{"rendered":"http:\/\/pkas.cz\/?p=2732"},"modified":"2022-03-08T00:35:56","modified_gmt":"2022-03-07T23:35:56","slug":"halove-mcr-petrzilkova-na-hms-a-dalsi-uspechy-zapadoceske-atletiky","status":"publish","type":"post","link":"http:\/\/pkas.cz\/?p=2732","title":{"rendered":"Halov\u00e9 M\u010cR &#8211; Petr\u017e\u00edlkov\u00e1 na HMS a dal\u0161\u00ed \u00fasp\u011bchy z\u00e1pado\u010desk\u00e9 atletiky"},"content":{"rendered":"<h1>Halov\u00e9 M\u010cR &#8211; Petr\u017e\u00edlkov\u00e1 na HMS a dal\u0161\u00ed \u00fasp\u011bchy<\/h1>\n<h1>z\u00e1pado\u010desk\u00e9 atletiky<\/h1>\n<p><img loading=\"lazy\" decoding=\"async\" class=\"alignnone size-medium wp-image-2735\" src=\"http:\/\/pkas.cz\/wp-content\/uploads\/2022\/03\/petrzilkova_hmcr_2022-300x300.jpg\" alt=\"\" width=\"300\" height=\"300\" srcset=\"http:\/\/pkas.cz\/wp-content\/uploads\/2022\/03\/petrzilkova_hmcr_2022-300x300.jpg 300w, http:\/\/pkas.cz\/wp-content\/uploads\/2022\/03\/petrzilkova_hmcr_2022-1024x1024.jpg 1024w, http:\/\/pkas.cz\/wp-content\/uploads\/2022\/03\/petrzilkova_hmcr_2022-150x150.jpg 150w, http:\/\/pkas.cz\/wp-content\/uploads\/2022\/03\/petrzilkova_hmcr_2022-768x768.jpg 768w, http:\/\/pkas.cz\/wp-content\/uploads\/2022\/03\/petrzilkova_hmcr_2022.jpg 1280w\" sizes=\"(max-width: 300px) 100vw, 300px\" \/><img loading=\"lazy\" decoding=\"async\" class=\"alignnone size-medium wp-image-2737\" src=\"http:\/\/pkas.cz\/wp-content\/uploads\/2022\/03\/skokyhmcr2022-300x300.jpg\" alt=\"\" width=\"300\" height=\"300\" srcset=\"http:\/\/pkas.cz\/wp-content\/uploads\/2022\/03\/skokyhmcr2022-300x300.jpg 300w, http:\/\/pkas.cz\/wp-content\/uploads\/2022\/03\/skokyhmcr2022-1024x1024.jpg 1024w, http:\/\/pkas.cz\/wp-content\/uploads\/2022\/03\/skokyhmcr2022-150x150.jpg 150w, http:\/\/pkas.cz\/wp-content\/uploads\/2022\/03\/skokyhmcr2022-768x768.jpg 768w, http:\/\/pkas.cz\/wp-content\/uploads\/2022\/03\/skokyhmcr2022.jpg 1440w\" sizes=\"(max-width: 300px) 100vw, 300px\" \/> <img loading=\"lazy\" decoding=\"async\" class=\"alignnone size-medium wp-image-2738\" src=\"http:\/\/pkas.cz\/wp-content\/uploads\/2022\/03\/vrhy-300x300.jpg\" alt=\"\" width=\"300\" height=\"300\" srcset=\"http:\/\/pkas.cz\/wp-content\/uploads\/2022\/03\/vrhy-300x300.jpg 300w, http:\/\/pkas.cz\/wp-content\/uploads\/2022\/03\/vrhy-1024x1024.jpg 1024w, http:\/\/pkas.cz\/wp-content\/uploads\/2022\/03\/vrhy-150x150.jpg 150w, http:\/\/pkas.cz\/wp-content\/uploads\/2022\/03\/vrhy-768x768.jpg 768w, http:\/\/pkas.cz\/wp-content\/uploads\/2022\/03\/vrhy.jpg 1440w\" sizes=\"(max-width: 300px) 100vw, 300px\" \/><img loading=\"lazy\" decoding=\"async\" class=\"alignnone size-medium wp-image-2741\" src=\"http:\/\/pkas.cz\/wp-content\/uploads\/2022\/03\/skplzstafetamuzi-300x300.jpg\" alt=\"\" width=\"300\" height=\"300\" srcset=\"http:\/\/pkas.cz\/wp-content\/uploads\/2022\/03\/skplzstafetamuzi-300x300.jpg 300w, http:\/\/pkas.cz\/wp-content\/uploads\/2022\/03\/skplzstafetamuzi-150x150.jpg 150w, http:\/\/pkas.cz\/wp-content\/uploads\/2022\/03\/skplzstafetamuzi-768x768.jpg 768w, http:\/\/pkas.cz\/wp-content\/uploads\/2022\/03\/skplzstafetamuzi.jpg 960w\" sizes=\"(max-width: 300px) 100vw, 300px\" \/> <img loading=\"lazy\" decoding=\"async\" class=\"alignnone size-medium wp-image-2742\" src=\"http:\/\/pkas.cz\/wp-content\/uploads\/2022\/03\/stafeta4X200SKPLZ-300x300.jpg\" alt=\"\" width=\"300\" height=\"300\" srcset=\"http:\/\/pkas.cz\/wp-content\/uploads\/2022\/03\/stafeta4X200SKPLZ-300x300.jpg 300w, http:\/\/pkas.cz\/wp-content\/uploads\/2022\/03\/stafeta4X200SKPLZ-150x150.jpg 150w, http:\/\/pkas.cz\/wp-content\/uploads\/2022\/03\/stafeta4X200SKPLZ-768x768.jpg 768w, http:\/\/pkas.cz\/wp-content\/uploads\/2022\/03\/stafeta4X200SKPLZ.jpg 960w\" sizes=\"(max-width: 300px) 100vw, 300px\" \/> <img loading=\"lazy\" decoding=\"async\" class=\"alignnone size-medium wp-image-2743\" src=\"http:\/\/pkas.cz\/wp-content\/uploads\/2022\/03\/valesovahmcr-300x300.jpg\" alt=\"\" width=\"300\" height=\"300\" srcset=\"http:\/\/pkas.cz\/wp-content\/uploads\/2022\/03\/valesovahmcr-300x300.jpg 300w, http:\/\/pkas.cz\/wp-content\/uploads\/2022\/03\/valesovahmcr-1024x1024.jpg 1024w, http:\/\/pkas.cz\/wp-content\/uploads\/2022\/03\/valesovahmcr-150x150.jpg 150w, http:\/\/pkas.cz\/wp-content\/uploads\/2022\/03\/valesovahmcr-768x768.jpg 768w, http:\/\/pkas.cz\/wp-content\/uploads\/2022\/03\/valesovahmcr.jpg 1066w\" sizes=\"(max-width: 300px) 100vw, 300px\" \/> <img loading=\"lazy\" decoding=\"async\" class=\"alignnone size-medium wp-image-2744\" src=\"http:\/\/pkas.cz\/wp-content\/uploads\/2022\/03\/hmcrpetrin2022-300x225.jpg\" alt=\"\" width=\"300\" height=\"225\" srcset=\"http:\/\/pkas.cz\/wp-content\/uploads\/2022\/03\/hmcrpetrin2022-300x225.jpg 300w, http:\/\/pkas.cz\/wp-content\/uploads\/2022\/03\/hmcrpetrin2022.jpg 757w\" sizes=\"(max-width: 300px) 100vw, 300px\" \/><img loading=\"lazy\" decoding=\"async\" class=\"alignnone size-medium wp-image-2745\" src=\"http:\/\/pkas.cz\/wp-content\/uploads\/2022\/03\/majerova-mcr-300x300.jpg\" alt=\"\" width=\"300\" height=\"300\" srcset=\"http:\/\/pkas.cz\/wp-content\/uploads\/2022\/03\/majerova-mcr-300x300.jpg 300w, http:\/\/pkas.cz\/wp-content\/uploads\/2022\/03\/majerova-mcr-1024x1024.jpg 1024w, http:\/\/pkas.cz\/wp-content\/uploads\/2022\/03\/majerova-mcr-150x150.jpg 150w, http:\/\/pkas.cz\/wp-content\/uploads\/2022\/03\/majerova-mcr-768x768.jpg 768w, http:\/\/pkas.cz\/wp-content\/uploads\/2022\/03\/majerova-mcr.jpg 1280w\" sizes=\"(max-width: 300px) 100vw, 300px\" \/><img loading=\"lazy\" decoding=\"async\" class=\"size-medium wp-image-2740 alignnone\" src=\"http:\/\/pkas.cz\/wp-content\/uploads\/2022\/03\/marcikhmcr-300x300.jpg\" alt=\"\" width=\"300\" height=\"300\" srcset=\"http:\/\/pkas.cz\/wp-content\/uploads\/2022\/03\/marcikhmcr-300x300.jpg 300w, http:\/\/pkas.cz\/wp-content\/uploads\/2022\/03\/marcikhmcr-1024x1024.jpg 1024w, http:\/\/pkas.cz\/wp-content\/uploads\/2022\/03\/marcikhmcr-150x150.jpg 150w, http:\/\/pkas.cz\/wp-content\/uploads\/2022\/03\/marcikhmcr-768x768.jpg 768w, http:\/\/pkas.cz\/wp-content\/uploads\/2022\/03\/marcikhmcr.jpg 1066w\" sizes=\"(max-width: 300px) 100vw, 300px\" \/><\/p>\n<p>Fotozdroj facebook AK \u0160KODA Plze\u0148, Sokol Pet\u0159\u00edn<\/p>\n<p>Vrchol dom\u00e1c\u00ed halov\u00e9 sez\u00f3ny se konal o prvn\u00edm b\u0159eznov\u00e9m v\u00edkendu v ostravsk\u00e9 atletick\u00e9 hale. Mezi \u00fasp\u011b\u0161n\u00fdmi medailisty byla i cel\u00e1 \u0159ada na\u0161ich atlet\u016f.<\/p>\n<p><strong>TEREZA PETR\u017d\u00cdLKOV\u00c1<\/strong> &#8211; st\u0159\u00edbrn\u00e1 radost m\u011bla p\u0159\u00edchu\u0165 zlata.\u00a0 Tereza si nov\u00fdm osobn\u00edm rekordem na 400m 52,64s prodlou\u017eila sez\u00f3nu a nominovala do B\u011blehradu na halov\u00e9 mistrovstv\u00ed sv\u011bta.<\/p>\n<p>P\u0159i ne\u00fa\u010dasti dom\u00e1c\u00ed koula\u0159sk\u00e9 jedni\u010dky Tom\u00e1\u0161e Sta\u0148ka se o\u010dek\u00e1val velmi vyrovnan\u00fd souboj a t\u011b\u017eili z n\u011bj hlavn\u011b brat\u0159i Forejtov\u00e9. O vyrovnanosti sout\u011b\u017ee sv\u011bd\u010d\u00ed i to, \u017ee mezi prvn\u00edmi \u0161esti z\u00e1vodn\u00edky bylo pouh\u00fdch 46 cm.<\/p>\n<p><strong>JAKUB FOREJT <\/strong>nakonec zaznamenal nejdel\u0161\u00ed pokus v sout\u011b\u017ei a z\u00edskal halov\u00fd titul za v\u00fdkon 16,76 m.<\/p>\n<p><strong>MICHAL FOREJT <\/strong>bral st\u0159\u00edbro za 16,69 m.<\/p>\n<p>T\u0159et\u00ed koula\u0159skou medaili z\u00edskala <strong>LENKA VALE\u0160OV\u00c1<\/strong>, kdy\u017e si nov\u00fdm osobn\u00edm rekordem v kouli 15,09 m vybojovala st\u0159\u00edbro.<\/p>\n<p>\u00dasp\u011b\u0161n\u00e1 medailov\u00e1 sb\u00edrka se odehr\u00e1la i ve skoku vysok\u00e9m. Rovn\u011b\u017e t\u0159i medaile z\u00edskali:<\/p>\n<p><strong>JAN \u0160TEFELA<\/strong> a <strong>JOSEF AD\u00c1MEK<\/strong> zaznamenali shodn\u00fd v\u00fdkon 213 cm a o rozd\u011blen\u00ed medail\u00ed nakonec rozhodl celkov\u00fd sou\u010det pokus\u016f. Honza tedy nakonec bral st\u0159\u00edbro a Pepa bronz.<\/p>\n<p>Bronz si z v\u00fd\u0161ky odv\u00e1\u017e\u00ed i <strong>DENISA MAJEROV\u00c1, <\/strong>kter\u00e1 zapsala na prvn\u00ed pokus 173 cm.<\/p>\n<p><strong>LINDA SUCH\u00c1 <\/strong>tentokr\u00e1t usp\u011bla pouze v trojskoku, kdy\u017e za 12,92 m brala st\u0159\u00edbro.<\/p>\n<p>St\u0159\u00edbro si odvezl na 3000m i <strong>VLADIM\u00cdR MAR\u010c\u00cdK<\/strong> V SEZ\u00d3NN\u00cdM V\u00ddKONU 8:19.95.<\/p>\n<p>Medailov\u011b se da\u0159ilo \u0161tafet\u00e1m:<\/p>\n<p>Mu\u017ei ve slo\u017een\u00ed <span class=\"resultsEanLink\"><strong>M\u00edka O., P\u00e1n\u00edk M., Kaby\u0161 D., Re\u017e J.<\/strong>\u00a0 brali st\u0159\u00edbro 1:28,33<\/span><\/p>\n<p>V \u017een\u00e1ch se dokonce poda\u0159ilo medailov\u011b usp\u011bt ob\u011bma plze\u0148sk\u00fdm t\u00fdm\u016fm, kdy\u017e o pouh\u00fdch 23 setin byla lep\u0161\u00ed \u0161tafeta \u0160kodovky p\u0159ed pet\u0159\u00ednsk\u00fdmi d\u011bv\u010daty.<\/p>\n<p>Slo\u017een\u00ed \u0161tafet: <strong>AK \u0160koda Plze\u0148<\/strong> &#8211; <strong>Petr\u017eilkov\u00e1 T., Such\u00e1 L., P\u00edchalov\u00e1 B., Majerov\u00e1 D.<\/strong> 1:39.60<\/p>\n<p><strong>TJ Sokol Plze\u0148 &#8211; Pet\u0159\u00edn<\/strong> &#8211; <strong>\u010cerm\u00e1kov\u00e1 K., Rychl\u00edkov\u00e1 A., Vo\u0159\u00ed\u0161kov\u00e1 A., Zavadilov\u00e1 L.<\/strong> 1:39,83<\/p>\n<p>&nbsp;<\/p>\n<p>Dal\u0161\u00ed z\u00e1vodn\u00edky a jejich v\u00fdkony s um\u00edst\u011bn\u00edm naleznete v<\/p>\n<p><a href=\"https:\/\/online.atletika.cz\/vysledky\/48359\/60\">KOMPLETN\u00cdM P\u0158EHLEDU<\/a><\/p>\n<p>&nbsp;<\/p>\n<p>&nbsp;<\/p>\n","protected":false},"excerpt":{"rendered":"<p>Halov\u00e9 M\u010cR &#8211; Petr\u017e\u00edlkov\u00e1 na HMS a dal\u0161\u00ed \u00fasp\u011bchy z\u00e1pado\u010desk\u00e9 atletiky Fotozdroj facebook AK \u0160KODA Plze\u0148, Sokol Pet\u0159\u00edn Vrchol dom\u00e1c\u00ed halov\u00e9 sez\u00f3ny se konal o&hellip;<\/p>\n","protected":false},"author":2,"featured_media":2735,"comment_status":"closed","ping_status":"closed","sticky":false,"template":"","format":"standard","meta":{"footnotes":""},"categories":[1],"tags":[],"jetpack_sharing_enabled":true,"jetpack_featured_media_url":"http:\/\/pkas.cz\/wp-content\/uploads\/2022\/03\/petrzilkova_hmcr_2022.jpg","_links":{"self":[{"href":"http:\/\/pkas.cz\/index.php?rest_route=\/wp\/v2\/posts\/2732"}],"collection":[{"href":"http:\/\/pkas.cz\/index.php?rest_route=\/wp\/v2\/posts"}],"about":[{"href":"http:\/\/pkas.cz\/index.php?rest_route=\/wp\/v2\/types\/post"}],"author":[{"embeddable":true,"href":"http:\/\/pkas.cz\/index.php?rest_route=\/wp\/v2\/users\/2"}],"replies":[{"embeddable":true,"href":"http:\/\/pkas.cz\/index.php?rest_route=%2Fwp%2Fv2%2Fcomments&post=2732"}],"version-history":[{"count":5,"href":"http:\/\/pkas.cz\/index.php?rest_route=\/wp\/v2\/posts\/2732\/revisions"}],"predecessor-version":[{"id":2746,"href":"http:\/\/pkas.cz\/index.php?rest_route=\/wp\/v2\/posts\/2732\/revisions\/2746"}],"wp:featuredmedia":[{"embeddable":true,"href":"http:\/\/pkas.cz\/index.php?rest_route=\/wp\/v2\/media\/2735"}],"wp:attachment":[{"href":"http:\/\/pkas.cz\/index.php?rest_route=%2Fwp%2Fv2%2Fmedia&parent=2732"}],"wp:term":[{"taxonomy":"category","embeddable":true,"href":"http:\/\/pkas.cz\/index.php?rest_route=%2Fwp%2Fv2%2Fcategories&post=2732"},{"taxonomy":"post_tag","embeddable":true,"href":"http:\/\/pkas.cz\/index.php?rest_route=%2Fwp%2Fv2%2Ftags&post=2732"}],"curies":[{"name":"wp","href":"https:\/\/api.w.org\/{rel}","templated":true}]}}