{"id":2722,"date":"2022-03-02T09:33:58","date_gmt":"2022-03-02T08:33:58","guid":{"rendered":"http:\/\/pkas.cz\/?p=2722"},"modified":"2022-03-02T09:33:58","modified_gmt":"2022-03-02T08:33:58","slug":"nominace-na-breznove-reprezentacni-akce","status":"publish","type":"post","link":"http:\/\/pkas.cz\/?p=2722","title":{"rendered":"Nominace na b\u0159eznov\u00e9 reprezenta\u010dn\u00ed akce"},"content":{"rendered":"<h1>Nominace na b\u0159eznov\u00e9 reprezenta\u010dn\u00ed akce<\/h1>\n<p><img loading=\"lazy\" decoding=\"async\" class=\"alignnone size-full wp-image-929\" src=\"http:\/\/pkas.cz\/wp-content\/uploads\/2020\/03\/logo-\u010das-e1585572559694.png\" alt=\"\" width=\"180\" height=\"63\" \/><\/p>\n<p>P\u0159edsednictvo \u010cAS schv\u00e1lilo nominace na dv\u011b reprezenta\u010dn\u00ed akce, kter\u00e9 uskute\u010dn\u00ed v prvn\u00ed polovin\u011b b\u0159ezna a n\u00e1s t\u011b\u0161\u00ed, \u017ee tam budeme m\u00edt z\u00e1stupce z regionu<\/p>\n<p>Na Mistrovstv\u00ed sv\u011bta v ch\u016fzi dru\u017estev byl nominovan\u00fd juniorsk\u00fd reprezentant a nov\u00e1 opora AK \u0160KODA Plze\u0148 <strong>Jarom\u00edr Mor\u00e1vek<\/strong>, kter\u00fd se p\u0159edstav\u00ed v juniorsk\u00e9m z\u00e1vod\u011b na 10 km 4. b\u0159ezna.<\/p>\n<p>&nbsp;<\/p>\n<p>O t\u00fdden pozd\u011bji 12. a 13. b\u0159ezna se kon\u00e1 tradi\u010dn\u00ed zimn\u00ed evropsk\u00fd poh\u00e1r ve vrz\u00edch. Host\u00ed jej portugalsk\u00e1 Leira a v nominaci se objevili:<\/p>\n<p>o\u0161t\u011bpa\u0159i <strong>Petra Si\u010dakov\u00e1,<\/strong>\u00a0<strong>Radek J\u016fda <\/strong>a diska\u0159ka <strong>Barbora Tich\u00e1<\/strong>.<\/p>\n<p>&nbsp;<\/p>\n","protected":false},"excerpt":{"rendered":"<p>Nominace na b\u0159eznov\u00e9 reprezenta\u010dn\u00ed akce P\u0159edsednictvo \u010cAS schv\u00e1lilo nominace na dv\u011b reprezenta\u010dn\u00ed akce, kter\u00e9 uskute\u010dn\u00ed v prvn\u00ed polovin\u011b b\u0159ezna a n\u00e1s t\u011b\u0161\u00ed, \u017ee tam budeme&hellip;<\/p>\n","protected":false},"author":2,"featured_media":929,"comment_status":"closed","ping_status":"closed","sticky":false,"template":"","format":"standard","meta":{"footnotes":""},"categories":[1],"tags":[],"jetpack_sharing_enabled":true,"jetpack_featured_media_url":"http:\/\/pkas.cz\/wp-content\/uploads\/2020\/03\/logo-\u010das-e1585572559694.png","_links":{"self":[{"href":"http:\/\/pkas.cz\/index.php?rest_route=\/wp\/v2\/posts\/2722"}],"collection":[{"href":"http:\/\/pkas.cz\/index.php?rest_route=\/wp\/v2\/posts"}],"about":[{"href":"http:\/\/pkas.cz\/index.php?rest_route=\/wp\/v2\/types\/post"}],"author":[{"embeddable":true,"href":"http:\/\/pkas.cz\/index.php?rest_route=\/wp\/v2\/users\/2"}],"replies":[{"embeddable":true,"href":"http:\/\/pkas.cz\/index.php?rest_route=%2Fwp%2Fv2%2Fcomments&post=2722"}],"version-history":[{"count":1,"href":"http:\/\/pkas.cz\/index.php?rest_route=\/wp\/v2\/posts\/2722\/revisions"}],"predecessor-version":[{"id":2723,"href":"http:\/\/pkas.cz\/index.php?rest_route=\/wp\/v2\/posts\/2722\/revisions\/2723"}],"wp:featuredmedia":[{"embeddable":true,"href":"http:\/\/pkas.cz\/index.php?rest_route=\/wp\/v2\/media\/929"}],"wp:attachment":[{"href":"http:\/\/pkas.cz\/index.php?rest_route=%2Fwp%2Fv2%2Fmedia&parent=2722"}],"wp:term":[{"taxonomy":"category","embeddable":true,"href":"http:\/\/pkas.cz\/index.php?rest_route=%2Fwp%2Fv2%2Fcategories&post=2722"},{"taxonomy":"post_tag","embeddable":true,"href":"http:\/\/pkas.cz\/index.php?rest_route=%2Fwp%2Fv2%2Ftags&post=2722"}],"curies":[{"name":"wp","href":"https:\/\/api.w.org\/{rel}","templated":true}]}}