{"id":2720,"date":"2022-03-02T09:44:33","date_gmt":"2022-03-02T08:44:33","guid":{"rendered":"http:\/\/pkas.cz\/?p=2720"},"modified":"2022-03-02T09:44:33","modified_gmt":"2022-03-02T08:44:33","slug":"mcr-zactva-6-cennych-kovu-pro-zapadocechy","status":"publish","type":"post","link":"http:\/\/pkas.cz\/?p=2720","title":{"rendered":"M\u010cR \u017eactva: 6 cenn\u00fdch kov\u016f pro Z\u00e1pado\u010dechy"},"content":{"rendered":"<h1>M\u010cR \u017eactva: 6 cenn\u00fdch kov\u016f pro Z\u00e1pado\u010dechy<\/h1>\n<p>&nbsp;<\/p>\n<p><img loading=\"lazy\" decoding=\"async\" class=\"alignnone size-medium wp-image-2724\" src=\"http:\/\/pkas.cz\/wp-content\/uploads\/2022\/03\/stupne-vitezu-60m-300x225.jpg\" alt=\"\" width=\"300\" height=\"225\" srcset=\"http:\/\/pkas.cz\/wp-content\/uploads\/2022\/03\/stupne-vitezu-60m-300x225.jpg 300w, http:\/\/pkas.cz\/wp-content\/uploads\/2022\/03\/stupne-vitezu-60m-1024x768.jpg 1024w, http:\/\/pkas.cz\/wp-content\/uploads\/2022\/03\/stupne-vitezu-60m-768x576.jpg 768w, http:\/\/pkas.cz\/wp-content\/uploads\/2022\/03\/stupne-vitezu-60m.jpg 1238w\" sizes=\"(max-width: 300px) 100vw, 300px\" \/> <img loading=\"lazy\" decoding=\"async\" class=\"alignnone size-medium wp-image-2725\" src=\"http:\/\/pkas.cz\/wp-content\/uploads\/2022\/03\/stupne-vitezu-150-300x225.jpg\" alt=\"\" width=\"300\" height=\"225\" srcset=\"http:\/\/pkas.cz\/wp-content\/uploads\/2022\/03\/stupne-vitezu-150-300x225.jpg 300w, http:\/\/pkas.cz\/wp-content\/uploads\/2022\/03\/stupne-vitezu-150-1024x768.jpg 1024w, http:\/\/pkas.cz\/wp-content\/uploads\/2022\/03\/stupne-vitezu-150-768x576.jpg 768w, http:\/\/pkas.cz\/wp-content\/uploads\/2022\/03\/stupne-vitezu-150.jpg 1163w\" sizes=\"(max-width: 300px) 100vw, 300px\" \/><img loading=\"lazy\" decoding=\"async\" class=\"alignnone  wp-image-2726\" src=\"http:\/\/pkas.cz\/wp-content\/uploads\/2022\/03\/foto-stribro-168x300.jpg\" alt=\"\" width=\"174\" height=\"311\" srcset=\"http:\/\/pkas.cz\/wp-content\/uploads\/2022\/03\/foto-stribro-168x300.jpg 168w, http:\/\/pkas.cz\/wp-content\/uploads\/2022\/03\/foto-stribro-575x1024.jpg 575w, http:\/\/pkas.cz\/wp-content\/uploads\/2022\/03\/foto-stribro-768x1368.jpg 768w, http:\/\/pkas.cz\/wp-content\/uploads\/2022\/03\/foto-stribro-863x1536.jpg 863w, http:\/\/pkas.cz\/wp-content\/uploads\/2022\/03\/foto-stribro.jpg 1150w\" sizes=\"(max-width: 174px) 100vw, 174px\" \/><img loading=\"lazy\" decoding=\"async\" class=\"alignnone size-medium wp-image-2727\" src=\"http:\/\/pkas.cz\/wp-content\/uploads\/2022\/03\/adam-novak-v-akci-300x200.jpg\" alt=\"\" width=\"300\" height=\"200\" srcset=\"http:\/\/pkas.cz\/wp-content\/uploads\/2022\/03\/adam-novak-v-akci-300x200.jpg 300w, http:\/\/pkas.cz\/wp-content\/uploads\/2022\/03\/adam-novak-v-akci-768x512.jpg 768w, http:\/\/pkas.cz\/wp-content\/uploads\/2022\/03\/adam-novak-v-akci-391x260.jpg 391w, http:\/\/pkas.cz\/wp-content\/uploads\/2022\/03\/adam-novak-v-akci.jpg 945w\" sizes=\"(max-width: 300px) 100vw, 300px\" \/><\/p>\n<p>Info k fotografi\u00edm: Dv\u011b Krist\u00fdny Hozmanov\u00e1 a Z\u00e1ho\u0159ov\u00e1 dekorov\u00e1ni na stupn\u00edch v\u00edt\u011bz\u016f, st\u0159\u00edbrsk\u00e1 radost &#8211; Ond\u0159ej \u0160piroch a Krist\u00fdna Z\u00e1ho\u0159ov\u00e1, Adam Nov\u00e1k v akci v b\u011bhu na 300m (p\u00e1t\u00e1 dr\u00e1ha). (foto zdroj tren\u00e9\u0159i Luk\u00e1\u0161 Be\u0161ta, Veronika Matulkov\u00e1 a Ale\u0161 Sutnar).<\/p>\n<p>Posledn\u00ed \u00fanorov\u00fd v\u00edkend se v Praze ve Stromovce uskute\u010dnilo M\u010cR pro nejmlad\u0161\u00ed z\u00e1vodn\u00edky &#8211; \u017eactvo. N\u00e1\u0161 kraj m\u011bl pom\u011brn\u011b po\u010detnou v\u00fdpravu a tak\u00e9 d\u00edl\u010d\u00ed medailov\u00e9 \u00fasp\u011bchy:<\/p>\n<p>Jedn\u00edm velk\u00fdm p\u0159ekvapen\u00edm byla klatovsk\u00e1 z\u00e1vodnice <strong>Kryst\u00fdna Hozmanov\u00e1<\/strong><\/p>\n<p>Krist\u00fdna skv\u011ble vyu\u017eila nasazen\u00ed do ni\u017e\u0161\u00ed \u010dtvrt\u00e9 dr\u00e1hy a dv\u011b nejv\u011bt\u0161\u00ed rivalky vid\u011bla p\u0159ed sebou a ve fin\u00e1le b\u011bhu na 150m zv\u00edt\u011bzila nejlep\u0161\u00edm v\u00fdkonem halov\u00e9 sez\u00f3ny 18,63s. Byla to jej\u00ed druh\u00e1 medaile, kdy\u017e v sobotn\u00edm programu nejprve v rozb\u011bhu za 7,78s vytvo\u0159ila nejlep\u0161\u00ed \u010das halov\u00e9\u00a0 sez\u00f3ny, ale ve fin\u00e1le ji\u017e sv\u016fj v\u00fdkon nezopakovala a brala bronz za 7,87s.<\/p>\n<p>V\u00fdraznou konkurentkou v boj\u00edch o medaile byla Krist\u00fdn\u011b i jej\u00ed z\u00e1pado\u010desk\u00e1 rivalka a v\u011bkem je\u0161t\u011b mlad\u0161\u00ed \u017e\u00e1kyn\u011b <strong>Krist\u00fdna Z\u00e1ho\u0159ov\u00e1<\/strong> ze St\u0159\u00edbra.<\/p>\n<p>Rovn\u011b\u017e Krist\u00fdna si odv\u00e1\u017e\u00ed z Prahy dva cenn\u00e9 kovy. Na 60m brala st\u0159\u00edbro za 7,81s a na 150m v t\u011bsn\u00e9m souboji ve fini\u0161i nakonec bronz v nov\u00e9m osobn\u00edm rekordu 18,67s.<\/p>\n<p>Medailov\u011b se da\u0159ilo i <strong>Adamovi Nov\u00e1kov<\/strong>i. Adam kombinuje v\u00edce sport\u016f a i v atletice m\u00e1 v t\u00e9to v\u011bkov\u00e9 kategorii velk\u00fd potenci\u00e1l, co\u017e uk\u00e1zal v b\u011bhu na 300m, kdy si nejprve v rozb\u011bhu vytvo\u0159il nov\u00fd osobn\u00ed rekord 37,86s, kter\u00fd ve fin\u00e1le je\u0161t\u011b vylep\u0161il v\u00fdborn\u00fdm fini\u0161em na 37,20s a byla z toho st\u0159\u00edbrn\u00e1 medaile.<\/p>\n<p>Spokojen\u00fd m\u016f\u017ee b\u00fdt i <strong>Ond\u0159ej \u0160piroch<\/strong>, kter\u00fd se p\u0159edstavil na nejdel\u0161\u00ed distanci 3000m. Ondra se pohyboval cel\u00fd z\u00e1vod na medailov\u00fdch pozic\u00edch a nakonec v dlouh\u00e9m fini\u0161i z\u00edskal bronzovou medaili za v\u00fdkon 9:51,52, \u010d\u00edm\u017e si vylep\u0161il sv\u016fj osobn\u00ed rekord proti lednov\u00e9mu z\u00e1vodu o t\u00e9m\u011b\u0159 p\u016fl minuty.<\/p>\n<p>DAL\u0160\u00cd V\u00ddSLEDKY P\u0158IN\u00c1\u0160\u00cdME V P\u0158EHLEDU <a href=\"https:\/\/online.atletika.cz\/vysledky\/48358\/0\/2\">ZDE<\/a><\/p>\n<p>M\u010cR vrchol\u00ed ji\u017e n\u00e1sleduj\u00edc v\u00edkend v Ostrav\u011b, kde se sejde kompletn\u00ed seniork\u00e1 \u0161pi\u010dka. Je to z\u00e1rove\u0148 posledn\u00ed mo\u017enost, jak plnit limity na HMS v B\u011blehrad\u011b.<\/p>\n<p>&nbsp;<\/p>\n<p>&nbsp;<\/p>\n","protected":false},"excerpt":{"rendered":"<p>M\u010cR \u017eactva: 6 cenn\u00fdch kov\u016f pro Z\u00e1pado\u010dechy &nbsp; Info k fotografi\u00edm: Dv\u011b Krist\u00fdny Hozmanov\u00e1 a Z\u00e1ho\u0159ov\u00e1 dekorov\u00e1ni na stupn\u00edch v\u00edt\u011bz\u016f, st\u0159\u00edbrsk\u00e1 radost &#8211; Ond\u0159ej \u0160piroch&hellip;<\/p>\n","protected":false},"author":2,"featured_media":2724,"comment_status":"closed","ping_status":"closed","sticky":false,"template":"","format":"standard","meta":{"footnotes":""},"categories":[1],"tags":[],"jetpack_sharing_enabled":true,"jetpack_featured_media_url":"http:\/\/pkas.cz\/wp-content\/uploads\/2022\/03\/stupne-vitezu-60m.jpg","_links":{"self":[{"href":"http:\/\/pkas.cz\/index.php?rest_route=\/wp\/v2\/posts\/2720"}],"collection":[{"href":"http:\/\/pkas.cz\/index.php?rest_route=\/wp\/v2\/posts"}],"about":[{"href":"http:\/\/pkas.cz\/index.php?rest_route=\/wp\/v2\/types\/post"}],"author":[{"embeddable":true,"href":"http:\/\/pkas.cz\/index.php?rest_route=\/wp\/v2\/users\/2"}],"replies":[{"embeddable":true,"href":"http:\/\/pkas.cz\/index.php?rest_route=%2Fwp%2Fv2%2Fcomments&post=2720"}],"version-history":[{"count":2,"href":"http:\/\/pkas.cz\/index.php?rest_route=\/wp\/v2\/posts\/2720\/revisions"}],"predecessor-version":[{"id":2728,"href":"http:\/\/pkas.cz\/index.php?rest_route=\/wp\/v2\/posts\/2720\/revisions\/2728"}],"wp:featuredmedia":[{"embeddable":true,"href":"http:\/\/pkas.cz\/index.php?rest_route=\/wp\/v2\/media\/2724"}],"wp:attachment":[{"href":"http:\/\/pkas.cz\/index.php?rest_route=%2Fwp%2Fv2%2Fmedia&parent=2720"}],"wp:term":[{"taxonomy":"category","embeddable":true,"href":"http:\/\/pkas.cz\/index.php?rest_route=%2Fwp%2Fv2%2Fcategories&post=2720"},{"taxonomy":"post_tag","embeddable":true,"href":"http:\/\/pkas.cz\/index.php?rest_route=%2Fwp%2Fv2%2Ftags&post=2720"}],"curies":[{"name":"wp","href":"https:\/\/api.w.org\/{rel}","templated":true}]}}