{"id":2690,"date":"2022-02-21T09:21:19","date_gmt":"2022-02-21T08:21:19","guid":{"rendered":"http:\/\/pkas.cz\/?p=2690"},"modified":"2022-02-21T09:26:16","modified_gmt":"2022-02-21T08:26:16","slug":"halove-mcr-a-uspechy-zapadocechu-celkem-20-medaili","status":"publish","type":"post","link":"http:\/\/pkas.cz\/?p=2690","title":{"rendered":"Halov\u00e9 M\u010cR a \u00fasp\u011bchy Z\u00e1pado\u010dech\u016f &#8211; celkem 20 medail\u00ed"},"content":{"rendered":"<h1>Halov\u00e9 M\u010cR a \u00fasp\u011bchy Z\u00e1pado\u010dech\u016f &#8211; celkem 20 medail\u00ed<\/h1>\n<p>Ostrava hostila o v\u00edkendu 19. a 20.2 halov\u00e9 M\u010cR junior\u016f a dorostu. A z\u00e1pado\u010desk\u00e9 barvy byly hodn\u011b vid\u011bt. \u0160koda Plze\u0148 se prezentovala jako nej\u00fasp\u011b\u0161n\u011bj\u0161\u00ed medailov\u00fd klub z cel\u00e9 \u010cR, ale \u00fasp\u011b\u0161n\u00ed byli i dal\u0161\u00ed. Celkov\u00e1 bilance \u010din\u00ed 20 medail\u00ed &#8211; 5 zlat\u00fdch &#8211; 6 st\u0159\u00edbrn\u00fdch &#8211; 9 bronzov\u00fdch.<\/p>\n<p><img loading=\"lazy\" decoding=\"async\" class=\"alignnone size-medium wp-image-2692\" src=\"http:\/\/pkas.cz\/wp-content\/uploads\/2022\/02\/medailiste-skoda-2022-286x300.jpg\" alt=\"\" width=\"286\" height=\"300\" srcset=\"http:\/\/pkas.cz\/wp-content\/uploads\/2022\/02\/medailiste-skoda-2022-286x300.jpg 286w, http:\/\/pkas.cz\/wp-content\/uploads\/2022\/02\/medailiste-skoda-2022-975x1024.jpg 975w, http:\/\/pkas.cz\/wp-content\/uploads\/2022\/02\/medailiste-skoda-2022-768x806.jpg 768w, http:\/\/pkas.cz\/wp-content\/uploads\/2022\/02\/medailiste-skoda-2022.jpg 1440w\" sizes=\"(max-width: 286px) 100vw, 286px\" \/> <img loading=\"lazy\" decoding=\"async\" class=\"alignnone size-medium wp-image-2693\" src=\"http:\/\/pkas.cz\/wp-content\/uploads\/2022\/02\/medailiste-skoda-300x300.jpg\" alt=\"\" width=\"300\" height=\"300\" srcset=\"http:\/\/pkas.cz\/wp-content\/uploads\/2022\/02\/medailiste-skoda-300x300.jpg 300w, http:\/\/pkas.cz\/wp-content\/uploads\/2022\/02\/medailiste-skoda-1024x1024.jpg 1024w, http:\/\/pkas.cz\/wp-content\/uploads\/2022\/02\/medailiste-skoda-150x150.jpg 150w, http:\/\/pkas.cz\/wp-content\/uploads\/2022\/02\/medailiste-skoda-768x768.jpg 768w, http:\/\/pkas.cz\/wp-content\/uploads\/2022\/02\/medailiste-skoda.jpg 1440w\" sizes=\"(max-width: 300px) 100vw, 300px\" \/><\/p>\n<p>Fotozdroj AK \u0160KODA Plze\u0148<\/p>\n<p><img loading=\"lazy\" decoding=\"async\" class=\"alignnone size-medium wp-image-2696\" src=\"http:\/\/pkas.cz\/wp-content\/uploads\/2022\/02\/zahorova-hala2022-225x300.jpg\" alt=\"\" width=\"225\" height=\"300\" srcset=\"http:\/\/pkas.cz\/wp-content\/uploads\/2022\/02\/zahorova-hala2022-225x300.jpg 225w, http:\/\/pkas.cz\/wp-content\/uploads\/2022\/02\/zahorova-hala2022-768x1024.jpg 768w, http:\/\/pkas.cz\/wp-content\/uploads\/2022\/02\/zahorova-hala2022-1152x1536.jpg 1152w, http:\/\/pkas.cz\/wp-content\/uploads\/2022\/02\/zahorova-hala2022.jpg 1242w\" sizes=\"(max-width: 225px) 100vw, 225px\" \/> <img loading=\"lazy\" decoding=\"async\" class=\"alignnone size-medium wp-image-2697\" src=\"http:\/\/pkas.cz\/wp-content\/uploads\/2022\/02\/Travnicek-hala-2022-225x300.jpg\" alt=\"\" width=\"225\" height=\"300\" srcset=\"http:\/\/pkas.cz\/wp-content\/uploads\/2022\/02\/Travnicek-hala-2022-225x300.jpg 225w, http:\/\/pkas.cz\/wp-content\/uploads\/2022\/02\/Travnicek-hala-2022-768x1024.jpg 768w, http:\/\/pkas.cz\/wp-content\/uploads\/2022\/02\/Travnicek-hala-2022-1152x1536.jpg 1152w, http:\/\/pkas.cz\/wp-content\/uploads\/2022\/02\/Travnicek-hala-2022.jpg 1242w\" sizes=\"(max-width: 225px) 100vw, 225px\" \/> <img loading=\"lazy\" decoding=\"async\" class=\"alignnone size-medium wp-image-2698\" src=\"http:\/\/pkas.cz\/wp-content\/uploads\/2022\/02\/hruskova-stribro-hala-2022-225x300.jpg\" alt=\"\" width=\"225\" height=\"300\" srcset=\"http:\/\/pkas.cz\/wp-content\/uploads\/2022\/02\/hruskova-stribro-hala-2022-225x300.jpg 225w, http:\/\/pkas.cz\/wp-content\/uploads\/2022\/02\/hruskova-stribro-hala-2022-768x1024.jpg 768w, http:\/\/pkas.cz\/wp-content\/uploads\/2022\/02\/hruskova-stribro-hala-2022-1152x1536.jpg 1152w, http:\/\/pkas.cz\/wp-content\/uploads\/2022\/02\/hruskova-stribro-hala-2022.jpg 1242w\" sizes=\"(max-width: 225px) 100vw, 225px\" \/><\/p>\n<p>Medailist\u00e9 TJ Ban\u00edk St\u0159\u00edbro &#8211; fotozdroj Veronika Matulkov\u00e1<\/p>\n<p><strong>P\u0159in\u00e1\u0161\u00edme medailov\u00fd p\u0159ehled:<\/strong><\/p>\n<p><strong>ZLATO<\/strong><\/p>\n<p>\u0161tafeta 4x200m SKPLZ &#8211; junio\u0159i &#8211; (M\u00edka O., Peterka J., Fleisig J., Haidelmeier M.) &#8211; 1:28,24 &#8211; REKORD MISTROVSTV\u00cd<\/p>\n<p>\u0160t\u011bp\u00e1n Tr\u00e1vn\u00ed\u010dek (STRIB) &#8211; 800m &#8211; 1:56,22 &#8211; junio\u0159i<\/p>\n<p>Jan \u0160karban (SKPLZ) &#8211; 3000m &#8211; 08:53,60 &#8211; dorostenci<\/p>\n<p>Krist\u00fdna Dvo\u0159\u00e1kov\u00e1 (SKPLZ) &#8211; 3000m &#8211; 10:36,05 &#8211; juniorky<\/p>\n<p>Tom\u00e1\u0161 Proch\u00e1zka (SKPLZ) &#8211; vrh koul\u00ed &#8211; 17,06m &#8211; junio\u0159i<\/p>\n<p><b>ST\u0158\u00cdBRO<\/b><\/p>\n<p>Michal Haidelmeier (SKPLZ) &#8211; 400m &#8211; 4785s (v rozb\u011bhu 47.63s) &#8211; junio\u0159i<\/p>\n<p>Michal Pergler (DOMAZ) &#8211; 800m &#8211; 1:58,32 &#8211; dorostenci<\/p>\n<p>Tereza Z\u00e1ho\u0159ov\u00e1 (STRIB) &#8211; 60m &#8211; 7,70s &#8211; (v rozb\u011bhu 7,67s) &#8211; dorostenky<\/p>\n<p>Viktorie J\u00e1nsk\u00e1 (SKPLZ) &#8211; 60m p\u0159. &#8211; 8,58s &#8211;\u00a0 dorostenky<\/p>\n<p>Viktorie J\u00e1nsk\u00e1 (SKPLZ) &#8211; d\u00e1lka &#8211; 585 cm &#8211;\u00a0 dorostenky<\/p>\n<p>\u0161tafeta 4x200m &#8211; SOPLZ &#8211; juniorky &#8211; (\u010cerm\u00e1kov\u00e1 K., Lafatov\u00e1 K., Viktorov\u00e1 B., Rychl\u00edkov\u00e1 A.) &#8211; 1:42.48<\/p>\n<p><b>BRONZ<\/b><\/p>\n<p>Pavel Fron\u011bk (DOMAZ) &#8211; v\u00fd\u0161ka &#8211; 187 cm &#8211; dorostenci<\/p>\n<p>Lucie Kubecov\u00e1 (MILDO) &#8211; 800m &#8211; 2:13,96 &#8211; dorostenky<\/p>\n<p>Viktorie J\u00e1nsk\u00e1 (SKPLZ) &#8211; 200m &#8211; 25,05s &#8211;\u00a0 dorostenky<\/p>\n<p>Martin Honl (SKPLZ) &#8211; 3000m &#8211; 9:02.35 &#8211; dorostenci<\/p>\n<p>Denisa Hru\u0161kov\u00e1 (STRIB) &#8211; koule 4 kg &#8211; 12,08m &#8211; juniorky<\/p>\n<p>Kate\u0159ina \u010cerm\u00e1kov\u00e1 (SOPLZ) &#8211; d\u00e1lka &#8211; 585 cm &#8211; dorostenky<\/p>\n<p>Krist\u00fdna Dvo\u0159\u00e1kov\u00e1 (SKPLZ) &#8211; 1500m &#8211; 4.47,11 &#8211; juniorky<\/p>\n<p>Ad\u00e9la Han\u00e1kov\u00e1 (SKPLZ) &#8211; v\u00fd\u0161ka &#8211; 166 cm &#8211; dorostenky<\/p>\n<p>Jakub Peterka (SKPLZ) &#8211; d\u00e1lka &#8211; 708 cm &#8211; junio\u0159i<\/p>\n<p>&nbsp;<\/p>\n<p><a href=\"https:\/\/online.atletika.cz\/vysledky\/51237\/0\/2\">KOMPLETN\u00cd\u00a0 V\u00ddSLEDKY Z M\u010cR<\/a><\/p>\n<p>&nbsp;<\/p>\n<p>S\u00e9rie halov\u00fdch M\u010cR se p\u0159esouv\u00e1 do Prahy. Posledn\u00ed v\u00edkend v \u00fanoru bude hostit pra\u017esk\u00e1 Stromovka M\u010cR \u017eactva. V\u011b\u0159\u00edme, \u017ee i tam budou vystoupen\u00ed n\u011bkter\u00fdch na\u0161ich atlet\u016f \u00fasp\u011b\u0161n\u00e1. O pr\u016fb\u011bhu M\u010cR v\u00e1s budeme zde na webu informovat.<\/p>\n<p>&nbsp;<\/p>\n","protected":false},"excerpt":{"rendered":"<p>Halov\u00e9 M\u010cR a \u00fasp\u011bchy Z\u00e1pado\u010dech\u016f &#8211; celkem 20 medail\u00ed Ostrava hostila o v\u00edkendu 19. a 20.2 halov\u00e9 M\u010cR junior\u016f a dorostu. A z\u00e1pado\u010desk\u00e9 barvy byly&hellip;<\/p>\n","protected":false},"author":2,"featured_media":2692,"comment_status":"closed","ping_status":"closed","sticky":false,"template":"","format":"standard","meta":{"footnotes":""},"categories":[1],"tags":[],"jetpack_sharing_enabled":true,"jetpack_featured_media_url":"http:\/\/pkas.cz\/wp-content\/uploads\/2022\/02\/medailiste-skoda-2022.jpg","_links":{"self":[{"href":"http:\/\/pkas.cz\/index.php?rest_route=\/wp\/v2\/posts\/2690"}],"collection":[{"href":"http:\/\/pkas.cz\/index.php?rest_route=\/wp\/v2\/posts"}],"about":[{"href":"http:\/\/pkas.cz\/index.php?rest_route=\/wp\/v2\/types\/post"}],"author":[{"embeddable":true,"href":"http:\/\/pkas.cz\/index.php?rest_route=\/wp\/v2\/users\/2"}],"replies":[{"embeddable":true,"href":"http:\/\/pkas.cz\/index.php?rest_route=%2Fwp%2Fv2%2Fcomments&post=2690"}],"version-history":[{"count":4,"href":"http:\/\/pkas.cz\/index.php?rest_route=\/wp\/v2\/posts\/2690\/revisions"}],"predecessor-version":[{"id":2699,"href":"http:\/\/pkas.cz\/index.php?rest_route=\/wp\/v2\/posts\/2690\/revisions\/2699"}],"wp:featuredmedia":[{"embeddable":true,"href":"http:\/\/pkas.cz\/index.php?rest_route=\/wp\/v2\/media\/2692"}],"wp:attachment":[{"href":"http:\/\/pkas.cz\/index.php?rest_route=%2Fwp%2Fv2%2Fmedia&parent=2690"}],"wp:term":[{"taxonomy":"category","embeddable":true,"href":"http:\/\/pkas.cz\/index.php?rest_route=%2Fwp%2Fv2%2Fcategories&post=2690"},{"taxonomy":"post_tag","embeddable":true,"href":"http:\/\/pkas.cz\/index.php?rest_route=%2Fwp%2Fv2%2Ftags&post=2690"}],"curies":[{"name":"wp","href":"https:\/\/api.w.org\/{rel}","templated":true}]}}