{"id":2679,"date":"2022-02-18T09:10:22","date_gmt":"2022-02-18T08:10:22","guid":{"rendered":"http:\/\/pkas.cz\/?p=2679"},"modified":"2022-02-18T09:20:05","modified_gmt":"2022-02-18T08:20:05","slug":"prvni-vikendove-mcr-viceboje-a-chuze","status":"publish","type":"post","link":"http:\/\/pkas.cz\/?p=2679","title":{"rendered":"Prvn\u00ed v\u00edkendov\u00e9 M\u010cR &#8211; V\u00edceboje a Ch\u016fze"},"content":{"rendered":"<h1>Prvn\u00ed v\u00edkendov\u00e9 M\u010cR &#8211; V\u00edceboje a Ch\u016fze pozlacen\u00e9<\/h1>\n<p><img loading=\"lazy\" decoding=\"async\" class=\"alignnone size-medium wp-image-2681\" src=\"http:\/\/pkas.cz\/wp-content\/uploads\/2022\/02\/hanakova-viceboje-2022-300x300.jpg\" alt=\"\" width=\"300\" height=\"300\" srcset=\"http:\/\/pkas.cz\/wp-content\/uploads\/2022\/02\/hanakova-viceboje-2022-300x300.jpg 300w, http:\/\/pkas.cz\/wp-content\/uploads\/2022\/02\/hanakova-viceboje-2022-150x150.jpg 150w, http:\/\/pkas.cz\/wp-content\/uploads\/2022\/02\/hanakova-viceboje-2022-768x768.jpg 768w, http:\/\/pkas.cz\/wp-content\/uploads\/2022\/02\/hanakova-viceboje-2022.jpg 960w\" sizes=\"(max-width: 300px) 100vw, 300px\" \/><img loading=\"lazy\" decoding=\"async\" class=\"alignnone size-medium wp-image-2682\" src=\"http:\/\/pkas.cz\/wp-content\/uploads\/2022\/02\/moravek-hala-2022-300x300.jpg\" alt=\"\" width=\"300\" height=\"300\" srcset=\"http:\/\/pkas.cz\/wp-content\/uploads\/2022\/02\/moravek-hala-2022-300x300.jpg 300w, http:\/\/pkas.cz\/wp-content\/uploads\/2022\/02\/moravek-hala-2022-150x150.jpg 150w, http:\/\/pkas.cz\/wp-content\/uploads\/2022\/02\/moravek-hala-2022-768x768.jpg 768w, http:\/\/pkas.cz\/wp-content\/uploads\/2022\/02\/moravek-hala-2022.jpg 960w\" sizes=\"(max-width: 300px) 100vw, 300px\" \/><img loading=\"lazy\" decoding=\"async\" class=\"alignnone size-medium wp-image-2683\" src=\"http:\/\/pkas.cz\/wp-content\/uploads\/2022\/02\/baklikova-hala-chuze-2022-300x300.jpg\" alt=\"\" width=\"300\" height=\"300\" srcset=\"http:\/\/pkas.cz\/wp-content\/uploads\/2022\/02\/baklikova-hala-chuze-2022-300x300.jpg 300w, http:\/\/pkas.cz\/wp-content\/uploads\/2022\/02\/baklikova-hala-chuze-2022-1024x1024.jpg 1024w, http:\/\/pkas.cz\/wp-content\/uploads\/2022\/02\/baklikova-hala-chuze-2022-150x150.jpg 150w, http:\/\/pkas.cz\/wp-content\/uploads\/2022\/02\/baklikova-hala-chuze-2022-768x768.jpg 768w, http:\/\/pkas.cz\/wp-content\/uploads\/2022\/02\/baklikova-hala-chuze-2022.jpg 1280w\" sizes=\"(max-width: 300px) 100vw, 300px\" \/><img loading=\"lazy\" decoding=\"async\" class=\"alignnone size-medium wp-image-2684\" src=\"http:\/\/pkas.cz\/wp-content\/uploads\/2022\/02\/vojta-zajic-mcr-hala-viceboj-2022-300x300.jpg\" alt=\"\" width=\"300\" height=\"300\" srcset=\"http:\/\/pkas.cz\/wp-content\/uploads\/2022\/02\/vojta-zajic-mcr-hala-viceboj-2022-300x300.jpg 300w, http:\/\/pkas.cz\/wp-content\/uploads\/2022\/02\/vojta-zajic-mcr-hala-viceboj-2022-1024x1024.jpg 1024w, http:\/\/pkas.cz\/wp-content\/uploads\/2022\/02\/vojta-zajic-mcr-hala-viceboj-2022-150x150.jpg 150w, http:\/\/pkas.cz\/wp-content\/uploads\/2022\/02\/vojta-zajic-mcr-hala-viceboj-2022-768x768.jpg 768w, http:\/\/pkas.cz\/wp-content\/uploads\/2022\/02\/vojta-zajic-mcr-hala-viceboj-2022.jpg 1280w\" sizes=\"(max-width: 300px) 100vw, 300px\" \/><\/p>\n<p>Fotozdroj AK \u0160KODA Plze\u0148 &#8211; 1. Zlat\u00e1 Ad\u00e9la Han\u00e1kov\u00e1, 2. Jarom\u00edr Mor\u00e1vek v akci, 3. bronzov\u00e1 Michela Bakl\u00edkov\u00e1, 4. bronzov\u00fd Vojt\u011bch Zaj\u00edc<\/p>\n<p>Zda\u0159il\u00fd v\u00edkend maj\u00ed za sebou atleti plze\u0148sk\u00e9 \u0160kodovky na prvn\u00edm leto\u0161n\u00edm halov\u00e9m M\u010cR. Celkem \u010dty\u0159i medaile &#8211; dv\u011b ve v\u00edceboj\u00edch a dv\u011b v ch\u016fzi si odvezli z pra\u017esk\u00e9 Stromovky.<\/p>\n<p>Nov\u00e1 tv\u00e1\u0159 z Vala\u0161ska se objevila po podzimn\u00edm p\u0159estupu a hned m\u00ed\u0159ila k nejvy\u0161\u0161\u00ed met\u011b.<\/p>\n<p><strong>Ad\u00e9la Han\u00e1kov\u00e1<\/strong> p\u0159edvedla velice kvalitn\u00ed, vyrovnan\u00fd v\u00edceboj a za v\u00fdkon 3777 bod\u016f (60m p\u0159. 09.00\/910- v\u00fd\u0161ka 1.74\/903- koule 12.82\/715-d\u00e1lka 5.48\/694- 800m &#8211; 2:41.58\/555) brala s n\u00e1skokem 101 bod\u016f zlato.<\/p>\n<p><a href=\"https:\/\/youtu.be\/fbzTO0lOnCM\">Reakce nov\u00e9 dorosteneck\u00e9 mistryn\u011b \u010cR<\/a><\/p>\n<p>Bronz p\u0159idal v dorosteneck\u00e9 kategorii <strong>Vojt\u011bch Zaj\u00edc, <\/strong>kam jej katapultoval hlavn\u011b v\u00fdkon ve skoku o ty\u010di, kde se p\u0159ehoupl p\u0159es 400 cm.<\/p>\n<p>Vojt\u016fv celkov\u00fd sou\u010det byl 4491 bod\u016f (60m &#8211; 07.72\/643 &#8211; d\u00e1lka &#8211; 5.67\/516 &#8211; vrh koul\u00ed &#8211; 11.79\/594 &#8211; v\u00fd\u0161ka -1.80\/627- 60 m p\u0159. &#8211; 08.85\/779-skok o ty\u010di &#8211; 4.00\/617- 1000m &#8211; 2:54.94\/715).<\/p>\n<p>Dal\u0161\u00ed z posil, kter\u00e1 p\u0159edvedla \u00fasp\u011b\u0161n\u00e9 vystoupen\u00ed, byl junior a \u00fa\u010dastn\u00edk lo\u0148sk\u00fdch vrcholn\u00fdch ml\u00e1de\u017enick\u00fdch \u0161ampion\u00e1t\u016f <strong>Jarom\u00edr Mor\u00e1vek. <\/strong>V z\u00e1vod\u011b 5 000 m v p\u00e1t\u00e9m nejrychlej\u0161\u00edm \u010dase historie 20:53 min. nena\u0161el p\u0159emo\u017eitele a stal se halov\u00fdm \u0161ampionem.<\/p>\n<p>Bronz p\u0159idala je\u0161t\u011b\u00a0 <strong>Michaela Bakl\u00edkov\u00e1<\/strong> v sout\u011b\u017ei \u017een na 3 000 m pro\u0165ala c\u00edlovou p\u00e1sku v\u00fdkonem 16:20.76 min.<\/p>\n<p>Pot\u011b\u0161uj\u00edc\u00ed jsou i dal\u0161\u00ed v\u00fdsledky:<\/p>\n<p><strong>Denisa Majerov\u00e1<\/strong> p\u0159edvedla v\u00fdborn\u00fdch 180 cm do v\u00fd\u0161ky a do posledn\u00ed chv\u00edle bojovala o medaili, nakonec nepopul\u00e1rn\u00ed \u010dtvrt\u00e9 m\u00edsto, ale vylep\u0161en\u00fd krajsk\u00fd rekord a v\u00fdkon 4130 bod\u016f pouh\u00fdch 24 bod\u016f od bronzu. Individu\u00e1ln\u00ed v\u00fdkony (60m p\u0159. 08.74\/965- v\u00fd\u0161ka 1.80\/978- koule 10.62\/570- skok dalek\u00fd 5.93\/828- 800m 2:22.60\/789)<\/p>\n<p>\u010ctvrt\u00e9 m\u00edsto obsadil v kategorii dorostu <strong>Kry\u0161tof Skala, <\/strong>kter\u00fd posb\u00edral 4393 bod\u016f (60m &#8211; 07.53\/703 &#8211; d\u00e1lka &#8211; 6.09\/606- vrh koul\u00ed &#8211; 12.30\/625 &#8211; skok vysok\u00fd &#8211; 1.65\/504- 60m p\u0159. &#8211; 08.53\/853-skok o ty\u010di &#8211; 3.00\/357-1000m &#8211; 2:51.94\/745).<\/p>\n<p>V kategorii dorostenek byla je\u0161t\u011b na 5. m\u00edst\u011b <strong>Kate\u0159ina \u010cerm\u00e1kov\u00e1<\/strong> (SOPLZ), kter\u00e1 zaznamenala 3541 bod\u016f &#8211; (60m p\u0159. 08.87\/937- skok vysok\u00fd 1.56\/689- vrh koul\u00ed &#8211; 09.22\/479-skok dalek\u00fd &#8211; 5.49\/697- 800m &#8211; 2:26.40\/739).<\/p>\n<p><a href=\"https:\/\/online.atletika.cz\/vysledky\/48355\/0\/2\">DAL\u0160\u00cd V\u00ddSLEDKY A ROVN\u011a\u017d JEDNOTLIV\u00c9 V\u00ddKONY z v\u00edceboja\u0159sk\u00e9ho kl\u00e1n\u00ed<\/a><\/p>\n<p><a href=\"https:\/\/online.atletika.cz\/vysledky\/48356\">V\u00ddSLEDKY Z CHODECK\u00c9HO \u0160AMPION\u00c1TU<\/a><\/p>\n<p>M\u010cR pokra\u010duje ji\u017e n\u00e1sleduj\u00edc\u00ed v\u00edkend v Ostrav\u011b tzv. Gigantem (junio\u0159i a dorost).<\/p>\n<p>V akci budou i na\u0161e \u017e\u00e1kovsk\u00e9 kategorie, kter\u00e9 \u010dek\u00e1 20.2. krajsk\u00fd halov\u00fd \u0161ampion\u00e1t v pra\u017esk\u00e9 Stromovce.<\/p>\n<p>Fanou\u0161ci z\u00e1pado\u010desk\u00e9 atletiky se tedy maj\u00ed na co t\u011b\u0161it.<\/p>\n","protected":false},"excerpt":{"rendered":"<p>Prvn\u00ed v\u00edkendov\u00e9 M\u010cR &#8211; V\u00edceboje a Ch\u016fze pozlacen\u00e9 Fotozdroj AK \u0160KODA Plze\u0148 &#8211; 1. Zlat\u00e1 Ad\u00e9la Han\u00e1kov\u00e1, 2. Jarom\u00edr Mor\u00e1vek v akci, 3. bronzov\u00e1 Michela&hellip;<\/p>\n","protected":false},"author":2,"featured_media":2689,"comment_status":"closed","ping_status":"closed","sticky":false,"template":"","format":"standard","meta":{"footnotes":""},"categories":[1],"tags":[],"jetpack_sharing_enabled":true,"jetpack_featured_media_url":"http:\/\/pkas.cz\/wp-content\/uploads\/2022\/02\/hanakova-viceboje-sestrih2022.jpg","_links":{"self":[{"href":"http:\/\/pkas.cz\/index.php?rest_route=\/wp\/v2\/posts\/2679"}],"collection":[{"href":"http:\/\/pkas.cz\/index.php?rest_route=\/wp\/v2\/posts"}],"about":[{"href":"http:\/\/pkas.cz\/index.php?rest_route=\/wp\/v2\/types\/post"}],"author":[{"embeddable":true,"href":"http:\/\/pkas.cz\/index.php?rest_route=\/wp\/v2\/users\/2"}],"replies":[{"embeddable":true,"href":"http:\/\/pkas.cz\/index.php?rest_route=%2Fwp%2Fv2%2Fcomments&post=2679"}],"version-history":[{"count":5,"href":"http:\/\/pkas.cz\/index.php?rest_route=\/wp\/v2\/posts\/2679\/revisions"}],"predecessor-version":[{"id":2688,"href":"http:\/\/pkas.cz\/index.php?rest_route=\/wp\/v2\/posts\/2679\/revisions\/2688"}],"wp:featuredmedia":[{"embeddable":true,"href":"http:\/\/pkas.cz\/index.php?rest_route=\/wp\/v2\/media\/2689"}],"wp:attachment":[{"href":"http:\/\/pkas.cz\/index.php?rest_route=%2Fwp%2Fv2%2Fmedia&parent=2679"}],"wp:term":[{"taxonomy":"category","embeddable":true,"href":"http:\/\/pkas.cz\/index.php?rest_route=%2Fwp%2Fv2%2Fcategories&post=2679"},{"taxonomy":"post_tag","embeddable":true,"href":"http:\/\/pkas.cz\/index.php?rest_route=%2Fwp%2Fv2%2Ftags&post=2679"}],"curies":[{"name":"wp","href":"https:\/\/api.w.org\/{rel}","templated":true}]}}