{"id":2671,"date":"2022-02-07T10:54:04","date_gmt":"2022-02-07T09:54:04","guid":{"rendered":"http:\/\/pkas.cz\/?p=2671"},"modified":"2022-02-07T10:54:04","modified_gmt":"2022-02-07T09:54:04","slug":"stefela-224-cm-v-hustopecich-verejne-zavody-v-plzni-a-dalsi-akce-vikendu","status":"publish","type":"post","link":"http:\/\/pkas.cz\/?p=2671","title":{"rendered":"\u0160tefela 224 cm v Hustope\u010d\u00edch, Ve\u0159ejn\u00e9 z\u00e1vody v Plzni a dal\u0161\u00ed akce v\u00edkendu"},"content":{"rendered":"<h1>\u0160tefela 224 cm v Hustope\u010d\u00edch, Ve\u0159ejn\u00e9 z\u00e1vody v Plzni a dal\u0161\u00ed akce v\u00edkendu<\/h1>\n<p><img loading=\"lazy\" decoding=\"async\" class=\"alignnone size-medium wp-image-2231\" src=\"http:\/\/pkas.cz\/wp-content\/uploads\/2021\/07\/stefela-mistr-evropy-300x270.jpg\" alt=\"\" width=\"300\" height=\"270\" srcset=\"http:\/\/pkas.cz\/wp-content\/uploads\/2021\/07\/stefela-mistr-evropy-300x270.jpg 300w, http:\/\/pkas.cz\/wp-content\/uploads\/2021\/07\/stefela-mistr-evropy.jpg 600w\" sizes=\"(max-width: 300px) 100vw, 300px\" \/><\/p>\n<p>Ilustra\u010dn\u00ed foto<\/p>\n<p>Jan \u0160tefela pokra\u010duje na vln\u011b poveden\u00e9 halov\u00e9 sez\u00f3ny a na tradi\u010dn\u00ed mezin\u00e1rodn\u00edm m\u00edtinku kategorie bronz v Hustope\u010d\u00edch si p\u0159ipsal dal\u0161\u00ed osobn\u00ed rekord &#8211; 224 cm.<\/p>\n<p>Sk\u00e1kalo se velmi vysoko a honza si za sv\u016fj v\u00fdkon p\u0159ipsal \u0161est\u00e9 m\u00edsto. V\u00edt\u011bzn\u00fd Korejec Sanghyeok Woo p\u0159ekonal 236 cm.<\/p>\n<p><a href=\"https:\/\/online.atletika.cz\/vysledky\/52193\">V\u00ddSLEDKY<\/a><\/p>\n<p>&nbsp;<\/p>\n<p>V Plzni se uskute\u010dnili 6.2. Ve\u0159ejn\u00e9 z\u00e1vody.<\/p>\n<p><a href=\"https:\/\/online.atletika.cz\/vysledky\/52273\">V\u00ddSLEDKY<\/a><\/p>\n<p>&nbsp;<\/p>\n<p>Na\u0161i z\u00e1vodn\u00edci se objevili i na P\u0159eborech Prahy.<\/p>\n<p><a href=\"https:\/\/online.atletika.cz\/vysledky\/52214\/0\/2\">V\u00ddSLEDKY<\/a><\/p>\n","protected":false},"excerpt":{"rendered":"<p>\u0160tefela 224 cm v Hustope\u010d\u00edch, Ve\u0159ejn\u00e9 z\u00e1vody v Plzni a dal\u0161\u00ed akce v\u00edkendu Ilustra\u010dn\u00ed foto Jan \u0160tefela pokra\u010duje na vln\u011b poveden\u00e9 halov\u00e9 sez\u00f3ny a na&hellip;<\/p>\n","protected":false},"author":2,"featured_media":2231,"comment_status":"closed","ping_status":"closed","sticky":false,"template":"","format":"standard","meta":{"footnotes":""},"categories":[1],"tags":[],"jetpack_sharing_enabled":true,"jetpack_featured_media_url":"http:\/\/pkas.cz\/wp-content\/uploads\/2021\/07\/stefela-mistr-evropy.jpg","_links":{"self":[{"href":"http:\/\/pkas.cz\/index.php?rest_route=\/wp\/v2\/posts\/2671"}],"collection":[{"href":"http:\/\/pkas.cz\/index.php?rest_route=\/wp\/v2\/posts"}],"about":[{"href":"http:\/\/pkas.cz\/index.php?rest_route=\/wp\/v2\/types\/post"}],"author":[{"embeddable":true,"href":"http:\/\/pkas.cz\/index.php?rest_route=\/wp\/v2\/users\/2"}],"replies":[{"embeddable":true,"href":"http:\/\/pkas.cz\/index.php?rest_route=%2Fwp%2Fv2%2Fcomments&post=2671"}],"version-history":[{"count":1,"href":"http:\/\/pkas.cz\/index.php?rest_route=\/wp\/v2\/posts\/2671\/revisions"}],"predecessor-version":[{"id":2672,"href":"http:\/\/pkas.cz\/index.php?rest_route=\/wp\/v2\/posts\/2671\/revisions\/2672"}],"wp:featuredmedia":[{"embeddable":true,"href":"http:\/\/pkas.cz\/index.php?rest_route=\/wp\/v2\/media\/2231"}],"wp:attachment":[{"href":"http:\/\/pkas.cz\/index.php?rest_route=%2Fwp%2Fv2%2Fmedia&parent=2671"}],"wp:term":[{"taxonomy":"category","embeddable":true,"href":"http:\/\/pkas.cz\/index.php?rest_route=%2Fwp%2Fv2%2Fcategories&post=2671"},{"taxonomy":"post_tag","embeddable":true,"href":"http:\/\/pkas.cz\/index.php?rest_route=%2Fwp%2Fv2%2Ftags&post=2671"}],"curies":[{"name":"wp","href":"https:\/\/api.w.org\/{rel}","templated":true}]}}