{"id":2668,"date":"2022-01-31T10:09:59","date_gmt":"2022-01-31T09:09:59","guid":{"rendered":"http:\/\/pkas.cz\/?p=2668"},"modified":"2022-01-31T10:09:59","modified_gmt":"2022-01-31T09:09:59","slug":"zavody-posledniho-lednoveho-vikendu","status":"publish","type":"post","link":"http:\/\/pkas.cz\/?p=2668","title":{"rendered":"Z\u00e1vody posledn\u00edho lednov\u00e9ho v\u00edkendu"},"content":{"rendered":"<h1>Z\u00e1vody posledn\u00edho lednov\u00e9ho v\u00edkendu<\/h1>\n<figure id=\"attachment_717\" aria-describedby=\"caption-attachment-717\" style=\"width: 300px\" class=\"wp-caption alignnone\"><img loading=\"lazy\" decoding=\"async\" class=\"size-medium wp-image-717\" src=\"http:\/\/pkas.cz\/wp-content\/uploads\/2020\/01\/PKAS_logo-pr\u016fhledn\u00fd-300x181.png\" alt=\"logo_new\" width=\"300\" height=\"181\" srcset=\"http:\/\/pkas.cz\/wp-content\/uploads\/2020\/01\/PKAS_logo-pr\u016fhledn\u00fd-300x181.png 300w, http:\/\/pkas.cz\/wp-content\/uploads\/2020\/01\/PKAS_logo-pr\u016fhledn\u00fd.png 533w\" sizes=\"(max-width: 300px) 100vw, 300px\" \/><figcaption id=\"caption-attachment-717\" class=\"wp-caption-text\">Nov\u00e9 logo PKAS<\/figcaption><\/figure>\n<p>P\u0159in\u00e1\u0161\u00edme servis v\u00fdsledk\u016f z \u00fa\u010dasti na\u0161ich z\u00e1vodn\u00edk\u016f na z\u00e1vodech:<\/p>\n<p><strong>JAN \u0160TEFELA \u00fato\u010dil na Mezin\u00e1rodn\u00edm m\u00edtinku v Nehvizdech na 223 cm. Tato v\u00fd\u0161ka bohu\u017eel zat\u00edm odolala, a tak si zapsal 219 cm.<\/strong>\u00a0 <a href=\"https:\/\/online.atletika.cz\/vysledky\/51268\/0\/2\">V\u00ddSLEDKY<\/a><\/p>\n<p>Na Kladn\u011b se p\u0159edstavili brat\u0159i Forejtov\u00e9 a Lenka Vale\u0161ov\u00e9 ve vrhu koul\u00ed. Jakub si zapsal nov\u00e1 osobn\u00ed rekord 16,92m.\u00a0 <a href=\"https:\/\/online.atletika.cz\/vysledky\/52346\">V\u00ddSLEDKY<\/a><\/p>\n<p><a href=\"https:\/\/online.atletika.cz\/vysledky\/52572\/0\/2\">P\u0158EBOR JIHO\u010cESK\u00c9HO KRAJE<\/a><\/p>\n<p><a href=\"https:\/\/online.atletika.cz\/vysledky\/51879\/0\/2\">P\u0158EBOR LIBERECK\u00c9HO KRAJE VE V\u00cdCEBOJ\u00cdCH<\/a><\/p>\n<p><a href=\"https:\/\/online.atletika.cz\/vysledky\/52641\">VE\u0158EJN\u00c9 Z\u00c1VODY PRAHA<\/a><\/p>\n<p>&nbsp;<\/p>\n<p>&nbsp;<\/p>\n<p>&nbsp;<\/p>\n<p>&nbsp;<\/p>\n","protected":false},"excerpt":{"rendered":"<p>Z\u00e1vody posledn\u00edho lednov\u00e9ho v\u00edkendu P\u0159in\u00e1\u0161\u00edme servis v\u00fdsledk\u016f z \u00fa\u010dasti na\u0161ich z\u00e1vodn\u00edk\u016f na z\u00e1vodech: JAN \u0160TEFELA \u00fato\u010dil na Mezin\u00e1rodn\u00edm m\u00edtinku v Nehvizdech na 223 cm. Tato&hellip;<\/p>\n","protected":false},"author":2,"featured_media":717,"comment_status":"closed","ping_status":"closed","sticky":false,"template":"","format":"standard","meta":{"footnotes":""},"categories":[1],"tags":[],"jetpack_sharing_enabled":true,"jetpack_featured_media_url":"http:\/\/pkas.cz\/wp-content\/uploads\/2020\/01\/PKAS_logo-pr\u016fhledn\u00fd.png","_links":{"self":[{"href":"http:\/\/pkas.cz\/index.php?rest_route=\/wp\/v2\/posts\/2668"}],"collection":[{"href":"http:\/\/pkas.cz\/index.php?rest_route=\/wp\/v2\/posts"}],"about":[{"href":"http:\/\/pkas.cz\/index.php?rest_route=\/wp\/v2\/types\/post"}],"author":[{"embeddable":true,"href":"http:\/\/pkas.cz\/index.php?rest_route=\/wp\/v2\/users\/2"}],"replies":[{"embeddable":true,"href":"http:\/\/pkas.cz\/index.php?rest_route=%2Fwp%2Fv2%2Fcomments&post=2668"}],"version-history":[{"count":1,"href":"http:\/\/pkas.cz\/index.php?rest_route=\/wp\/v2\/posts\/2668\/revisions"}],"predecessor-version":[{"id":2669,"href":"http:\/\/pkas.cz\/index.php?rest_route=\/wp\/v2\/posts\/2668\/revisions\/2669"}],"wp:featuredmedia":[{"embeddable":true,"href":"http:\/\/pkas.cz\/index.php?rest_route=\/wp\/v2\/media\/717"}],"wp:attachment":[{"href":"http:\/\/pkas.cz\/index.php?rest_route=%2Fwp%2Fv2%2Fmedia&parent=2668"}],"wp:term":[{"taxonomy":"category","embeddable":true,"href":"http:\/\/pkas.cz\/index.php?rest_route=%2Fwp%2Fv2%2Fcategories&post=2668"},{"taxonomy":"post_tag","embeddable":true,"href":"http:\/\/pkas.cz\/index.php?rest_route=%2Fwp%2Fv2%2Ftags&post=2668"}],"curies":[{"name":"wp","href":"https:\/\/api.w.org\/{rel}","templated":true}]}}