{"id":2467,"date":"2021-10-08T10:34:41","date_gmt":"2021-10-08T08:34:41","guid":{"rendered":"http:\/\/pkas.cz\/?p=2467"},"modified":"2021-10-08T10:34:41","modified_gmt":"2021-10-08T08:34:41","slug":"stredoskolsky-pohar-krajske-finale","status":"publish","type":"post","link":"http:\/\/pkas.cz\/?p=2467","title":{"rendered":"St\u0159edo\u0161kolsk\u00fd poh\u00e1r &#8211; krajsk\u00e9 fin\u00e1le"},"content":{"rendered":"<h1><strong>St\u0159edo\u0161kolsk\u00fd poh\u00e1r &#8211; krajsk\u00e9 fin\u00e1le<\/strong><\/h1>\n<figure id=\"attachment_717\" aria-describedby=\"caption-attachment-717\" style=\"width: 300px\" class=\"wp-caption alignnone\"><img loading=\"lazy\" decoding=\"async\" class=\"size-medium wp-image-717\" src=\"http:\/\/pkas.cz\/wp-content\/uploads\/2020\/01\/PKAS_logo-pr\u016fhledn\u00fd-300x181.png\" alt=\"logo_new\" width=\"300\" height=\"181\" srcset=\"http:\/\/pkas.cz\/wp-content\/uploads\/2020\/01\/PKAS_logo-pr\u016fhledn\u00fd-300x181.png 300w, http:\/\/pkas.cz\/wp-content\/uploads\/2020\/01\/PKAS_logo-pr\u016fhledn\u00fd.png 533w\" sizes=\"(max-width: 300px) 100vw, 300px\" \/><figcaption id=\"caption-attachment-717\" class=\"wp-caption-text\">Nov\u00e9 logo PKAS<\/figcaption><\/figure>\n<p>V Klatovech se v \u00fater\u00fd 5.10. s ro\u010dn\u00ed odmlkou konal St\u0159edo\u0161kolsk\u00fd poh\u00e1r v atletice. Po covidov\u00e9 pauze \u0161lo jen o nepostupov\u00e9 kolo a na start se postavilo 8 t\u00fdm\u016f v chlapeck\u00e9 sout\u011b\u017ei a 6 t\u00fdm\u016f v sout\u011b\u017ei d\u00edvek.<\/p>\n<p>V\u00edt\u011bzstv\u00ed si p\u0159ipsali plze\u0148sk\u00e9 \u0161koly:<\/p>\n<p><strong>Ho\u0161i: Gymn\u00e1zium Lu\u010fka Pika\u00a0<\/strong><\/p>\n<p><strong>D\u00edvky: Masarykovo gymn\u00e1zium<\/strong><\/p>\n<p><a href=\"https:\/\/online.atletika.cz\/vysledky\/50982\">KOMPLETN\u00cd V\u00ddSLEDKY<\/a><\/p>\n","protected":false},"excerpt":{"rendered":"<p>St\u0159edo\u0161kolsk\u00fd poh\u00e1r &#8211; krajsk\u00e9 fin\u00e1le V Klatovech se v \u00fater\u00fd 5.10. s ro\u010dn\u00ed odmlkou konal St\u0159edo\u0161kolsk\u00fd poh\u00e1r v atletice. Po covidov\u00e9 pauze \u0161lo jen o&hellip;<\/p>\n","protected":false},"author":2,"featured_media":717,"comment_status":"closed","ping_status":"closed","sticky":false,"template":"","format":"standard","meta":{"footnotes":""},"categories":[1],"tags":[],"jetpack_sharing_enabled":true,"jetpack_featured_media_url":"http:\/\/pkas.cz\/wp-content\/uploads\/2020\/01\/PKAS_logo-pr\u016fhledn\u00fd.png","_links":{"self":[{"href":"http:\/\/pkas.cz\/index.php?rest_route=\/wp\/v2\/posts\/2467"}],"collection":[{"href":"http:\/\/pkas.cz\/index.php?rest_route=\/wp\/v2\/posts"}],"about":[{"href":"http:\/\/pkas.cz\/index.php?rest_route=\/wp\/v2\/types\/post"}],"author":[{"embeddable":true,"href":"http:\/\/pkas.cz\/index.php?rest_route=\/wp\/v2\/users\/2"}],"replies":[{"embeddable":true,"href":"http:\/\/pkas.cz\/index.php?rest_route=%2Fwp%2Fv2%2Fcomments&post=2467"}],"version-history":[{"count":1,"href":"http:\/\/pkas.cz\/index.php?rest_route=\/wp\/v2\/posts\/2467\/revisions"}],"predecessor-version":[{"id":2468,"href":"http:\/\/pkas.cz\/index.php?rest_route=\/wp\/v2\/posts\/2467\/revisions\/2468"}],"wp:featuredmedia":[{"embeddable":true,"href":"http:\/\/pkas.cz\/index.php?rest_route=\/wp\/v2\/media\/717"}],"wp:attachment":[{"href":"http:\/\/pkas.cz\/index.php?rest_route=%2Fwp%2Fv2%2Fmedia&parent=2467"}],"wp:term":[{"taxonomy":"category","embeddable":true,"href":"http:\/\/pkas.cz\/index.php?rest_route=%2Fwp%2Fv2%2Fcategories&post=2467"},{"taxonomy":"post_tag","embeddable":true,"href":"http:\/\/pkas.cz\/index.php?rest_route=%2Fwp%2Fv2%2Ftags&post=2467"}],"curies":[{"name":"wp","href":"https:\/\/api.w.org\/{rel}","templated":true}]}}