{"id":23,"date":"2019-07-14T11:33:37","date_gmt":"2019-07-14T09:33:37","guid":{"rendered":"http:\/\/pkas.cz\/?p=23"},"modified":"2019-09-01T10:57:16","modified_gmt":"2019-09-01T08:57:16","slug":"tereza-hrochova-v-prvni-dvacitce-me-v-behu-do-vrchu","status":"publish","type":"post","link":"http:\/\/pkas.cz\/?p=23","title":{"rendered":"Tereza Hrochov\u00e1 v prvn\u00ed dvac\u00edtce ME v b\u011bhu do vrchu"},"content":{"rendered":"\n<figure class=\"wp-block-image\"><img loading=\"lazy\" decoding=\"async\" width=\"1024\" height=\"1024\" src=\"http:\/\/pkas.cz\/wp-content\/uploads\/2019\/07\/66334004_2290134757734890_23462611769098240_o-1024x1024.jpg\" alt=\"me v behu do vrchu\" class=\"wp-image-24\" srcset=\"http:\/\/pkas.cz\/wp-content\/uploads\/2019\/07\/66334004_2290134757734890_23462611769098240_o-1024x1024.jpg 1024w, http:\/\/pkas.cz\/wp-content\/uploads\/2019\/07\/66334004_2290134757734890_23462611769098240_o-150x150.jpg 150w, http:\/\/pkas.cz\/wp-content\/uploads\/2019\/07\/66334004_2290134757734890_23462611769098240_o-300x300.jpg 300w, http:\/\/pkas.cz\/wp-content\/uploads\/2019\/07\/66334004_2290134757734890_23462611769098240_o-768x768.jpg 768w, http:\/\/pkas.cz\/wp-content\/uploads\/2019\/07\/66334004_2290134757734890_23462611769098240_o.jpg 1080w\" sizes=\"(max-width: 1024px) 100vw, 1024px\" \/><figcaption>ME v b\u011bhu do vrchu. Tereza Hrochov\u00e1 ze \u0160kody Plze\u0148 (uprost\u0159ed)<\/figcaption><\/figure>\n\n\n\n<p>zdroj foto a text AK \u0160KODA Plze\u0148, facebook<br>Ve \u0161v\u00fdcarsk\u00e9m Zermattu skon\u010dilo mistrovstv\u00ed Evropy v b\u011bhu do vrchu. Na\u0161e Tereza Hrochov\u00e1 se podle o\u010dek\u00e1v\u00e1n\u00ed skute\u010dn\u011b p\u0159edvedla v nejlep\u0161\u00edm sv\u011btle. Desetikilometrovou tra\u0165 s p\u0159ev\u00fd\u0161en\u00edm p\u0159es 1000m zvl\u00e1dla jako devaten\u00e1ct\u00e1 nejlep\u0161\u00ed v Evrop\u011b. D\u00edky tomuto um\u00edst\u011bn\u00ed dopomohla \u010desk\u00e9mu t\u00fdmu \u017een na celkov\u00e9 \u0161est\u00e9 m\u00edsto v Evrop\u011b. A to je v zemi, kde o po\u0159\u00e1dnou horu ani nezavad\u00edte par\u00e1dn\u00ed \u00fasp\u011bch. Jeden z nejt\u011b\u017e\u0161\u00edch z\u00e1vod\u016f v kari\u00e9\u0159e Terky byl tak odm\u011bn\u011bn i nejlep\u0161\u00edm \u017eivotn\u00edm v\u00fdsledkem. Je to dal\u0161\u00ed skv\u011bl\u00fd v\u00fdsledek jak pro Terku tak pro n\u00e1\u0161 klub. Jedn\u00e1 se toti\u017e u\u017e o \u010dtvrtou \u010dlenku na\u0161eho klubu, kter\u00e1 bude m\u00edt po leto\u0161n\u00ed sez\u00f3n\u011b um\u00edst\u011bn\u00ed v evropsk\u00e9 des\u00edtce. Tereza Petr\u017eilkov\u00e1 a Anna K\u0159\u00ed\u017ekov\u00e1 ob\u011b 4. m\u00edsto Evropsk\u00e9 hry, Denisa Majerov\u00e1 7. m\u00edsto ME dru\u017estev ve v\u00edceboj\u00edch a nyn\u00ed \u0161est\u00e9 m\u00edsto Terky ze \u0161ampion\u00e1tu do vrchu. Terky reprezenta\u010dn\u00ed mise v\u0161ak je\u0161t\u011b nekon\u010d\u00ed, proto\u017ee u\u017e za t\u00fdden j\u00ed \u010dek\u00e1 sv\u011btov\u00e1 univerzi\u00e1da v Neapoli, kde pob\u011b\u017e\u00ed p\u016flmarat\u00f3n. V\u00ddSLEDKY Z ME ve \u0160v\u00fdcarsku&nbsp;<a href=\"https:\/\/www.datasport.com\/live\/ranking\/?racenr=21196&amp;fbclid=IwAR1tFZ7f5DVtCuhDTDOVDJ3xR8GNE3N2aULfJTHEIQvI3gQ-vFVNeI-3XFk\">ZDE<\/a><\/p>\n","protected":false},"excerpt":{"rendered":"<p>zdroj foto a text AK \u0160KODA Plze\u0148, facebookVe \u0161v\u00fdcarsk\u00e9m Zermattu skon\u010dilo mistrovstv\u00ed Evropy v b\u011bhu do vrchu. Na\u0161e Tereza Hrochov\u00e1 se podle o\u010dek\u00e1v\u00e1n\u00ed skute\u010dn\u011b p\u0159edvedla&hellip;<\/p>\n","protected":false},"author":1,"featured_media":24,"comment_status":"open","ping_status":"open","sticky":false,"template":"","format":"standard","meta":{"footnotes":""},"categories":[1],"tags":[],"jetpack_sharing_enabled":true,"jetpack_featured_media_url":"http:\/\/pkas.cz\/wp-content\/uploads\/2019\/07\/66334004_2290134757734890_23462611769098240_o.jpg","_links":{"self":[{"href":"http:\/\/pkas.cz\/index.php?rest_route=\/wp\/v2\/posts\/23"}],"collection":[{"href":"http:\/\/pkas.cz\/index.php?rest_route=\/wp\/v2\/posts"}],"about":[{"href":"http:\/\/pkas.cz\/index.php?rest_route=\/wp\/v2\/types\/post"}],"author":[{"embeddable":true,"href":"http:\/\/pkas.cz\/index.php?rest_route=\/wp\/v2\/users\/1"}],"replies":[{"embeddable":true,"href":"http:\/\/pkas.cz\/index.php?rest_route=%2Fwp%2Fv2%2Fcomments&post=23"}],"version-history":[{"count":3,"href":"http:\/\/pkas.cz\/index.php?rest_route=\/wp\/v2\/posts\/23\/revisions"}],"predecessor-version":[{"id":309,"href":"http:\/\/pkas.cz\/index.php?rest_route=\/wp\/v2\/posts\/23\/revisions\/309"}],"wp:featuredmedia":[{"embeddable":true,"href":"http:\/\/pkas.cz\/index.php?rest_route=\/wp\/v2\/media\/24"}],"wp:attachment":[{"href":"http:\/\/pkas.cz\/index.php?rest_route=%2Fwp%2Fv2%2Fmedia&parent=23"}],"wp:term":[{"taxonomy":"category","embeddable":true,"href":"http:\/\/pkas.cz\/index.php?rest_route=%2Fwp%2Fv2%2Fcategories&post=23"},{"taxonomy":"post_tag","embeddable":true,"href":"http:\/\/pkas.cz\/index.php?rest_route=%2Fwp%2Fv2%2Ftags&post=23"}],"curies":[{"name":"wp","href":"https:\/\/api.w.org\/{rel}","templated":true}]}}