{"id":1994,"date":"2021-05-14T13:48:55","date_gmt":"2021-05-14T11:48:55","guid":{"rendered":"http:\/\/pkas.cz\/?p=1994"},"modified":"2021-05-14T13:49:45","modified_gmt":"2021-05-14T11:49:45","slug":"odlozeni-atletickych-zavodu-pkas-aktualizace-3","status":"publish","type":"post","link":"http:\/\/pkas.cz\/?p=1994","title":{"rendered":"Odlo\u017een\u00ed atletick\u00fdch z\u00e1vod\u016f PKAS \u2013 aktualizace"},"content":{"rendered":"\n<h2 class=\"wp-block-heading\">Odlo\u017een\u00ed atletick\u00fdch z\u00e1vod\u016f PKAS \u2013 aktualizace<\/h2>\n\n\n\n<p><strong>Seznam odlo\u017een\u00fdch z\u00e1vod\u016f:<\/strong><\/p>\n\n\n\n<p><br>29. 5., M PK, KK, JK jednotlivc\u016f (M, \u017d, J, D) Plze\u0148 SKPLZ \u2013 ODLO\u017dENO<\/p>\n\n\n\n<p>27. 5., 2. kolo OMD mlad\u0161\u00edho \u017eactva sk. A Klatovy ATKLA \u2013 ODLO\u017dENO<\/p>\n\n\n\n<p>26. 5., 2. kolo OMD mlad\u0161\u00edho \u017eactva sk. B N\u00fd\u0159any VIPLZ \u2013 ODLO\u017dENO<\/p>\n\n\n\n<p>23. 5., 1. kolo OMD mu\u017e\u016f a \u017een Plze\u0148 \u2013 Skvr\u0148any SOPLZ \u2013 ODLO\u017dENO<\/p>\n\n\n\n<p>15. 5., B\u011bh Zelenovsk\u00fdm \u00fadol\u00edm, z\u00e1vod\u00a0<em>B\u011b\u017eeck\u00e9ho poh\u00e1ru ml\u00e1de\u017ee Plze\u0148sk\u00e9ho kraje 2021 <\/em>\u2013 ODLO\u017dENO<\/p>\n\n\n\n<p>15. 5., 1. kolo OMD dorostu a junior\u016f Su\u0161ice SUSIC \u2013 ODLO\u017dENO<\/p>\n\n\n\n<p>13. 5., 1. kolo OMD mlad\u0161\u00edho \u017eactva sk. B N\u00fd\u0159any NYRAN \u2013 ODLO\u017dENO<\/p>\n\n\n\n<p>11. 5., 1.kolo OMD mlad\u0161\u00edho \u017eactva sk. A Doma\u017elice ACDOM \u2013 ODLO\u017dENO<\/p>\n\n\n\n<p>8. 5. \u2013 9. 5., Mistrovstv\u00ed PK ve v\u00edceboj\u00edch v\u0161ech kategori\u00ed mimo ML\u017d, Nov\u00e1 V\u010delnice \u2013 ZRU\u0160ENO<\/p>\n\n\n\n<p>5. 5., 1. kolo KMD star\u0161\u00edho \u017eactva Klatovy ATKLA \u2013 ODLO\u017dENO<\/p>\n\n\n\n<p>1. 5., Mistrovstv\u00ed PK ve v\u00edceboji mlad\u0161\u00edho \u017eactva Plze\u0148 SKPLZ \u2013 ODLO\u017dENO<\/p>\n\n\n\n<p>24. 4., Mistrovstv\u00ed PK p\u0159\u00edpravek Plze\u0148 SKPLZ \u2013 ODLO\u017dENO<\/p>\n\n\n\n<p><strong>Dal\u0161\u00ed z\u00e1vod v po\u0159ad\u00ed, kter\u00fd \u010dek\u00e1 na rozhodnut\u00ed:\u00a0<\/strong><\/p>\n\n\n\n<p>2. 6., 2. kolo KMD star\u0161\u00edch \u017e\u00e1k\u016f a \u017e\u00e1ky\u0148 Plze\u0148 SKPLZ<\/p>\n\n\n\n<div class=\"wp-block-image\"><figure class=\"aligncenter size-large\"><img loading=\"lazy\" decoding=\"async\" width=\"150\" height=\"150\" src=\"http:\/\/pkas.cz\/wp-content\/uploads\/2020\/01\/PKAS_square-e1582581538755.png\" alt=\"\" class=\"wp-image-719\"\/><\/figure><\/div>\n","protected":false},"excerpt":{"rendered":"<p>Odlo\u017een\u00ed atletick\u00fdch z\u00e1vod\u016f PKAS \u2013 aktualizace Seznam odlo\u017een\u00fdch z\u00e1vod\u016f: 29. 5., M PK, KK, JK jednotlivc\u016f (M, \u017d, J, D) Plze\u0148 SKPLZ \u2013 ODLO\u017dENO 27.&hellip;<\/p>\n","protected":false},"author":3,"featured_media":717,"comment_status":"closed","ping_status":"closed","sticky":false,"template":"","format":"standard","meta":{"footnotes":""},"categories":[1],"tags":[],"jetpack_sharing_enabled":true,"jetpack_featured_media_url":"http:\/\/pkas.cz\/wp-content\/uploads\/2020\/01\/PKAS_logo-pr\u016fhledn\u00fd.png","_links":{"self":[{"href":"http:\/\/pkas.cz\/index.php?rest_route=\/wp\/v2\/posts\/1994"}],"collection":[{"href":"http:\/\/pkas.cz\/index.php?rest_route=\/wp\/v2\/posts"}],"about":[{"href":"http:\/\/pkas.cz\/index.php?rest_route=\/wp\/v2\/types\/post"}],"author":[{"embeddable":true,"href":"http:\/\/pkas.cz\/index.php?rest_route=\/wp\/v2\/users\/3"}],"replies":[{"embeddable":true,"href":"http:\/\/pkas.cz\/index.php?rest_route=%2Fwp%2Fv2%2Fcomments&post=1994"}],"version-history":[{"count":3,"href":"http:\/\/pkas.cz\/index.php?rest_route=\/wp\/v2\/posts\/1994\/revisions"}],"predecessor-version":[{"id":1997,"href":"http:\/\/pkas.cz\/index.php?rest_route=\/wp\/v2\/posts\/1994\/revisions\/1997"}],"wp:featuredmedia":[{"embeddable":true,"href":"http:\/\/pkas.cz\/index.php?rest_route=\/wp\/v2\/media\/717"}],"wp:attachment":[{"href":"http:\/\/pkas.cz\/index.php?rest_route=%2Fwp%2Fv2%2Fmedia&parent=1994"}],"wp:term":[{"taxonomy":"category","embeddable":true,"href":"http:\/\/pkas.cz\/index.php?rest_route=%2Fwp%2Fv2%2Fcategories&post=1994"},{"taxonomy":"post_tag","embeddable":true,"href":"http:\/\/pkas.cz\/index.php?rest_route=%2Fwp%2Fv2%2Ftags&post=1994"}],"curies":[{"name":"wp","href":"https:\/\/api.w.org\/{rel}","templated":true}]}}