{"id":1973,"date":"2021-05-04T15:30:28","date_gmt":"2021-05-04T13:30:28","guid":{"rendered":"http:\/\/pkas.cz\/?p=1973"},"modified":"2021-05-04T15:30:31","modified_gmt":"2021-05-04T13:30:31","slug":"nova-diskarska-klec-na-petrine","status":"publish","type":"post","link":"http:\/\/pkas.cz\/?p=1973","title":{"rendered":"Nov\u00e1 diska\u0159sk\u00e1 klec na Pet\u0159\u00edn\u011b"},"content":{"rendered":"\n<h2 class=\"wp-block-heading\">Nov\u00e1 diska\u0159sk\u00e1 klec na Pet\u0159\u00edn\u011b<\/h2>\n\n\n\n<p class=\"has-text-align-justify\">Atletick\u00fd odd\u00edl TJ Sokol Plze\u0148 SG Pet\u0159\u00edn v tomto t\u00fddnu p\u0159evzal novou diska\u0159skou klec. Po retopinku atletick\u00e9 dr\u00e1hy v roce 2019 a nap\u0159\u00edklad obnovy osv\u011btlen\u00ed v\u00edce\u00fa\u010delov\u00e9ho h\u0159i\u0161t\u011b, je to dal\u0161\u00ed investice odd\u00edlu do obnovy stadionu. <\/p>\n\n\n\n<figure class=\"wp-block-image size-large\"><img loading=\"lazy\" decoding=\"async\" width=\"768\" height=\"1024\" src=\"http:\/\/pkas.cz\/wp-content\/uploads\/2021\/05\/DSC00334-768x1024.jpg\" alt=\"\" class=\"wp-image-1972\" srcset=\"http:\/\/pkas.cz\/wp-content\/uploads\/2021\/05\/DSC00334-768x1024.jpg 768w, http:\/\/pkas.cz\/wp-content\/uploads\/2021\/05\/DSC00334-225x300.jpg 225w, http:\/\/pkas.cz\/wp-content\/uploads\/2021\/05\/DSC00334-1152x1536.jpg 1152w, http:\/\/pkas.cz\/wp-content\/uploads\/2021\/05\/DSC00334-1536x2048.jpg 1536w, http:\/\/pkas.cz\/wp-content\/uploads\/2021\/05\/DSC00334-scaled.jpg 1920w\" sizes=\"(max-width: 768px) 100vw, 768px\" \/><figcaption>Nov\u00e1 diska\u0159sk\u00e1 klec <\/figcaption><\/figure>\n\n\n\n<figure class=\"wp-block-image size-large\"><img loading=\"lazy\" decoding=\"async\" width=\"768\" height=\"1024\" src=\"http:\/\/pkas.cz\/wp-content\/uploads\/2021\/05\/DSC00332-768x1024.jpg\" alt=\"\" class=\"wp-image-1971\" srcset=\"http:\/\/pkas.cz\/wp-content\/uploads\/2021\/05\/DSC00332-768x1024.jpg 768w, http:\/\/pkas.cz\/wp-content\/uploads\/2021\/05\/DSC00332-225x300.jpg 225w, http:\/\/pkas.cz\/wp-content\/uploads\/2021\/05\/DSC00332-1152x1536.jpg 1152w, http:\/\/pkas.cz\/wp-content\/uploads\/2021\/05\/DSC00332-1536x2048.jpg 1536w, http:\/\/pkas.cz\/wp-content\/uploads\/2021\/05\/DSC00332-scaled.jpg 1920w\" sizes=\"(max-width: 768px) 100vw, 768px\" \/><figcaption>Nov\u00e1 diska\u0159sk\u00e1 klec<\/figcaption><\/figure>\n","protected":false},"excerpt":{"rendered":"<p>Nov\u00e1 diska\u0159sk\u00e1 klec na Pet\u0159\u00edn\u011b Atletick\u00fd odd\u00edl TJ Sokol Plze\u0148 SG Pet\u0159\u00edn v tomto t\u00fddnu p\u0159evzal novou diska\u0159skou klec. Po retopinku atletick\u00e9 dr\u00e1hy v roce&hellip;<\/p>\n","protected":false},"author":3,"featured_media":1971,"comment_status":"closed","ping_status":"closed","sticky":false,"template":"","format":"standard","meta":{"footnotes":""},"categories":[1],"tags":[],"jetpack_sharing_enabled":true,"jetpack_featured_media_url":"http:\/\/pkas.cz\/wp-content\/uploads\/2021\/05\/DSC00332-scaled.jpg","_links":{"self":[{"href":"http:\/\/pkas.cz\/index.php?rest_route=\/wp\/v2\/posts\/1973"}],"collection":[{"href":"http:\/\/pkas.cz\/index.php?rest_route=\/wp\/v2\/posts"}],"about":[{"href":"http:\/\/pkas.cz\/index.php?rest_route=\/wp\/v2\/types\/post"}],"author":[{"embeddable":true,"href":"http:\/\/pkas.cz\/index.php?rest_route=\/wp\/v2\/users\/3"}],"replies":[{"embeddable":true,"href":"http:\/\/pkas.cz\/index.php?rest_route=%2Fwp%2Fv2%2Fcomments&post=1973"}],"version-history":[{"count":1,"href":"http:\/\/pkas.cz\/index.php?rest_route=\/wp\/v2\/posts\/1973\/revisions"}],"predecessor-version":[{"id":1974,"href":"http:\/\/pkas.cz\/index.php?rest_route=\/wp\/v2\/posts\/1973\/revisions\/1974"}],"wp:featuredmedia":[{"embeddable":true,"href":"http:\/\/pkas.cz\/index.php?rest_route=\/wp\/v2\/media\/1971"}],"wp:attachment":[{"href":"http:\/\/pkas.cz\/index.php?rest_route=%2Fwp%2Fv2%2Fmedia&parent=1973"}],"wp:term":[{"taxonomy":"category","embeddable":true,"href":"http:\/\/pkas.cz\/index.php?rest_route=%2Fwp%2Fv2%2Fcategories&post=1973"},{"taxonomy":"post_tag","embeddable":true,"href":"http:\/\/pkas.cz\/index.php?rest_route=%2Fwp%2Fv2%2Ftags&post=1973"}],"curies":[{"name":"wp","href":"https:\/\/api.w.org\/{rel}","templated":true}]}}