{"id":1947,"date":"2021-04-22T14:37:15","date_gmt":"2021-04-22T12:37:15","guid":{"rendered":"http:\/\/pkas.cz\/?p=1947"},"modified":"2021-04-22T14:41:30","modified_gmt":"2021-04-22T12:41:30","slug":"atletika-v-zelezne-rude-na-vzestupu","status":"publish","type":"post","link":"http:\/\/pkas.cz\/?p=1947","title":{"rendered":"Atletika v \u017delezn\u00e9 Rud\u011b na vzestupu"},"content":{"rendered":"\n<h2 class=\"has-text-align-center wp-block-heading\">Atletika v \u017delezn\u00e9 Rud\u011b na vzestupu<\/h2>\n\n\n\n<p class=\"has-text-align-justify\">Atletick\u00e1 ve\u0159ejnost si mohla v\u0161imnout ve v\u00fdsledk\u00e1ch Mistrovstv\u00ed \u010cesk\u00e9 republiky v p\u0159espoln\u00edm b\u011bhu, T\u00e1bor 11. 4., zastoupen\u00ed ojedin\u011bl\u00e9ho p\u0159\u00edkladu. Atletick\u00fd krou\u017eek \u017delezn\u00e1 Ruda m\u011bl jako jedin\u00fd z atletick\u00fdch krou\u017ek\u016f veden\u00fdch pod \u010cAS sv\u00e9 zastoupen\u00ed. Lucie Pernicov\u00e1 v dresu AKR \u017delezn\u00e1 Ruda dob\u011bhla mezi dev\u011btaosmdes\u00e1ti star\u0161\u00edmi \u017e\u00e1kyn\u011bmi na v\u00fdborn\u00e9m 12. m\u00edst\u011b. <\/p>\n\n\n\n<div class=\"wp-block-image\"><figure class=\"aligncenter size-large is-resized\"><img loading=\"lazy\" decoding=\"async\" src=\"http:\/\/pkas.cz\/wp-content\/uploads\/2021\/04\/orez-1024x717.jpg\" alt=\"\" class=\"wp-image-1942\" width=\"784\" height=\"549\" srcset=\"http:\/\/pkas.cz\/wp-content\/uploads\/2021\/04\/orez-1024x717.jpg 1024w, http:\/\/pkas.cz\/wp-content\/uploads\/2021\/04\/orez-300x210.jpg 300w, http:\/\/pkas.cz\/wp-content\/uploads\/2021\/04\/orez-768x538.jpg 768w, http:\/\/pkas.cz\/wp-content\/uploads\/2021\/04\/orez-1536x1076.jpg 1536w, http:\/\/pkas.cz\/wp-content\/uploads\/2021\/04\/orez-2048x1434.jpg 2048w\" sizes=\"(max-width: 784px) 100vw, 784px\" \/><figcaption>Lucie Pernicov\u00e1 v b\u00edl\u00e9m dresu <\/figcaption><\/figure><\/div>\n\n\n\n<div class=\"wp-block-image\"><figure class=\"aligncenter size-large\"><img loading=\"lazy\" decoding=\"async\" width=\"768\" height=\"1024\" src=\"http:\/\/pkas.cz\/wp-content\/uploads\/2021\/04\/perna-mensi-kvalita-768x1024.jpg\" alt=\"\" class=\"wp-image-1946\" srcset=\"http:\/\/pkas.cz\/wp-content\/uploads\/2021\/04\/perna-mensi-kvalita-768x1024.jpg 768w, http:\/\/pkas.cz\/wp-content\/uploads\/2021\/04\/perna-mensi-kvalita-225x300.jpg 225w, http:\/\/pkas.cz\/wp-content\/uploads\/2021\/04\/perna-mensi-kvalita-1152x1536.jpg 1152w, http:\/\/pkas.cz\/wp-content\/uploads\/2021\/04\/perna-mensi-kvalita-1536x2048.jpg 1536w, http:\/\/pkas.cz\/wp-content\/uploads\/2021\/04\/perna-mensi-kvalita-scaled.jpg 1920w\" sizes=\"(max-width: 768px) 100vw, 768px\" \/><figcaption>Lucie Pernicov\u00e1 p\u0159i sv\u00fdch dal\u0161\u00edch z\u00e1vodech<\/figcaption><\/figure><\/div>\n\n\n\n<p>AKR \u017delezn\u00e1 Ruda proto musel prezentovat ofici\u00e1ln\u00ed atletick\u00fd dres, kter\u00fd je jednou z podm\u00ednek startu na M\u010cR. <\/p>\n\n\n\n<figure class=\"wp-block-gallery aligncenter columns-2 is-cropped wp-block-gallery-1 is-layout-flex wp-block-gallery-is-layout-flex\"><ul class=\"blocks-gallery-grid\"><li class=\"blocks-gallery-item\"><figure><img loading=\"lazy\" decoding=\"async\" width=\"904\" height=\"1024\" src=\"http:\/\/pkas.cz\/wp-content\/uploads\/2021\/04\/IMG_20210407_153243-904x1024.jpg\" alt=\"\" data-id=\"1945\" data-full-url=\"http:\/\/pkas.cz\/wp-content\/uploads\/2021\/04\/IMG_20210407_153243.jpg\" data-link=\"http:\/\/pkas.cz\/?attachment_id=1945\" class=\"wp-image-1945\" srcset=\"http:\/\/pkas.cz\/wp-content\/uploads\/2021\/04\/IMG_20210407_153243-904x1024.jpg 904w, http:\/\/pkas.cz\/wp-content\/uploads\/2021\/04\/IMG_20210407_153243-265x300.jpg 265w, http:\/\/pkas.cz\/wp-content\/uploads\/2021\/04\/IMG_20210407_153243-768x870.jpg 768w, http:\/\/pkas.cz\/wp-content\/uploads\/2021\/04\/IMG_20210407_153243.jpg 1179w\" sizes=\"(max-width: 904px) 100vw, 904px\" \/><\/figure><\/li><li class=\"blocks-gallery-item\"><figure><img loading=\"lazy\" decoding=\"async\" width=\"967\" height=\"1024\" src=\"http:\/\/pkas.cz\/wp-content\/uploads\/2021\/04\/IMG_20210407_152731-967x1024.jpg\" alt=\"\" data-id=\"1944\" data-full-url=\"http:\/\/pkas.cz\/wp-content\/uploads\/2021\/04\/IMG_20210407_152731.jpg\" data-link=\"http:\/\/pkas.cz\/?attachment_id=1944\" class=\"wp-image-1944\" srcset=\"http:\/\/pkas.cz\/wp-content\/uploads\/2021\/04\/IMG_20210407_152731-967x1024.jpg 967w, http:\/\/pkas.cz\/wp-content\/uploads\/2021\/04\/IMG_20210407_152731-283x300.jpg 283w, http:\/\/pkas.cz\/wp-content\/uploads\/2021\/04\/IMG_20210407_152731-768x813.jpg 768w, http:\/\/pkas.cz\/wp-content\/uploads\/2021\/04\/IMG_20210407_152731.jpg 1196w\" sizes=\"(max-width: 967px) 100vw, 967px\" \/><\/figure><\/li><\/ul><figcaption class=\"blocks-gallery-caption\">Dres AKR \u017delezn\u00e1 Ruda<\/figcaption><\/figure>\n\n\n\n<p class=\"has-text-align-justify\">Atletick\u00fd krou\u017eek \u017delezn\u00e1 Ruda se postupn\u011b zapojuje do atletick\u00fdch sout\u011b\u017e\u00ed Plze\u0148sk\u00e9ho krajsk\u00e9ho atletick\u00e9ho svazu. V roce 2020 se \u00fasp\u011b\u0161n\u011b zapojil do sout\u011b\u017ee dru\u017estev p\u0159ed\u017eactva a v leto\u0161n\u00edm roce m\u00e1 ji\u017e do sout\u011b\u017e\u00ed p\u0159ihl\u00e1\u0161eno dru\u017estvo mlad\u0161\u00edho \u017eactva. Atletika v \u017delezn\u00e9 Rud\u011b se nap\u0159\u00edklad i aktivn\u011b zapojila do projektu \u010cesk\u00e9ho atletick\u00e9ho svazu &#8222;Atletick\u00e9 v\u00fdzvy&#8220;. Za progresem \u017eeleznorudsk\u00e9 atletiky stoj\u00ed nad\u0161en\u00ed a pracovitost tren\u00e9r\u016f Kate\u0159iny Strnadov\u00e9 a Ctirada Drahor\u00e1da. <\/p>\n\n\n\n<p class=\"has-text-align-justify\">V dal\u0161\u00ed atletick\u00e9 p\u0159\u00edprav\u011b m\u016f\u017ee atletick\u00e9mu krou\u017eku pomoci i pl\u00e1novan\u00e1 rekonstrukce sportovn\u00edho h\u0159i\u0161t\u011b spole\u010dn\u011b s atletickou dr\u00e1hou. <\/p>\n\n\n\n<p>Dr\u017e\u00edme palce! <\/p>\n\n\n\n<div class=\"wp-block-image\"><figure class=\"aligncenter size-large\"><img loading=\"lazy\" decoding=\"async\" width=\"150\" height=\"150\" src=\"http:\/\/pkas.cz\/wp-content\/uploads\/2020\/01\/PKAS_square-e1582581538755.png\" alt=\"\" class=\"wp-image-719\"\/><\/figure><\/div>\n\n\n\n<p> <\/p>\n\n\n\n<p><\/p>\n","protected":false},"excerpt":{"rendered":"<p>Atletika v \u017delezn\u00e9 Rud\u011b na vzestupu Atletick\u00e1 ve\u0159ejnost si mohla v\u0161imnout ve v\u00fdsledk\u00e1ch Mistrovstv\u00ed \u010cesk\u00e9 republiky v p\u0159espoln\u00edm b\u011bhu, T\u00e1bor 11. 4., zastoupen\u00ed ojedin\u011bl\u00e9ho p\u0159\u00edkladu.&hellip;<\/p>\n","protected":false},"author":3,"featured_media":1941,"comment_status":"closed","ping_status":"closed","sticky":false,"template":"","format":"standard","meta":{"footnotes":""},"categories":[1],"tags":[],"jetpack_sharing_enabled":true,"jetpack_featured_media_url":"http:\/\/pkas.cz\/wp-content\/uploads\/2021\/04\/orez-3-scaled.jpg","_links":{"self":[{"href":"http:\/\/pkas.cz\/index.php?rest_route=\/wp\/v2\/posts\/1947"}],"collection":[{"href":"http:\/\/pkas.cz\/index.php?rest_route=\/wp\/v2\/posts"}],"about":[{"href":"http:\/\/pkas.cz\/index.php?rest_route=\/wp\/v2\/types\/post"}],"author":[{"embeddable":true,"href":"http:\/\/pkas.cz\/index.php?rest_route=\/wp\/v2\/users\/3"}],"replies":[{"embeddable":true,"href":"http:\/\/pkas.cz\/index.php?rest_route=%2Fwp%2Fv2%2Fcomments&post=1947"}],"version-history":[{"count":7,"href":"http:\/\/pkas.cz\/index.php?rest_route=\/wp\/v2\/posts\/1947\/revisions"}],"predecessor-version":[{"id":1954,"href":"http:\/\/pkas.cz\/index.php?rest_route=\/wp\/v2\/posts\/1947\/revisions\/1954"}],"wp:featuredmedia":[{"embeddable":true,"href":"http:\/\/pkas.cz\/index.php?rest_route=\/wp\/v2\/media\/1941"}],"wp:attachment":[{"href":"http:\/\/pkas.cz\/index.php?rest_route=%2Fwp%2Fv2%2Fmedia&parent=1947"}],"wp:term":[{"taxonomy":"category","embeddable":true,"href":"http:\/\/pkas.cz\/index.php?rest_route=%2Fwp%2Fv2%2Fcategories&post=1947"},{"taxonomy":"post_tag","embeddable":true,"href":"http:\/\/pkas.cz\/index.php?rest_route=%2Fwp%2Fv2%2Ftags&post=1947"}],"curies":[{"name":"wp","href":"https:\/\/api.w.org\/{rel}","templated":true}]}}