{"id":1854,"date":"2021-03-11T19:13:11","date_gmt":"2021-03-11T18:13:11","guid":{"rendered":"http:\/\/pkas.cz\/?p=1854"},"modified":"2021-03-11T19:13:14","modified_gmt":"2021-03-11T18:13:14","slug":"vyzva-upresneni-mista-a-casu-konani-valne-hromady-pkas","status":"publish","type":"post","link":"http:\/\/pkas.cz\/?p=1854","title":{"rendered":"V\u00fdzva &#8211; up\u0159esn\u011bn\u00ed m\u00edsta a \u010dasu kon\u00e1n\u00ed Valn\u00e9 hromady PKAS"},"content":{"rendered":"\n<h2 class=\"wp-block-heading\"><strong>V\u00fdzva<\/strong> &#8211; <strong>up\u0159esn\u011bn\u00ed m\u00edsta a \u010dasu kon\u00e1n\u00ed Valn\u00e9 hromady PKAS<\/strong><\/h2>\n\n\n\n<p><strong>Valn\u00e1 hromada Plze\u0148sk\u00e9ho krajsk\u00e9ho atletick\u00e9ho svazu prob\u011bhne mimo zased\u00e1n\u00ed podle z\u00e1kona \u201eLex COVID\u201c <\/strong><\/p>\n\n\n\n<p><strong>Datum:<\/strong> 26. 3. 2021<\/p>\n\n\n\n<p><strong>M\u00edsto: <\/strong>t\u011blocvi\u010dna, TJ Sokol SG Plze\u0148-Pet\u0159\u00edn, Koterovsk\u00e1 604\/133, Plze\u0148, 326 00<\/p>\n\n\n\n<p><strong>\u010cas: <\/strong>16 &#8211; 18 hod, <em>(hlasov\u00e1n\u00ed se m\u016f\u017eete z\u00fa\u010dastnit kdykoliv b\u011bhem uveden\u00e9 doby)<\/em><\/p>\n\n\n\n<p>Po podeps\u00e1n\u00ed volebn\u00edho seznamu deleg\u00e1t\u016f a prok\u00e1z\u00e1n\u00ed toto\u017enosti u volebn\u00ed komise VH prob\u011bhne tajn\u00e9 hlasov\u00e1n\u00ed formou hlasovac\u00edho l\u00edstku, kter\u00fd obdr\u017e\u00edte od volebn\u00ed komise.<\/p>\n\n\n\n<p><strong>Body VH:<\/strong><\/p>\n\n\n\n<ul><li>Volba p\u0159edsedy KAS<\/li><li>Volba dal\u0161\u00edch \u010dlen\u016f KAS<\/li><li>Volba revizora KAS<\/li><li>Volba deleg\u00e1t\u016f na VH \u010cAS<\/li><li>Schv\u00e1len\u00ed \u00fa\u010detn\u00ed uz\u00e1v\u011brky PKAS za rok 2020<\/li><li>Schv\u00e1len\u00ed rozpo\u010dtu PKAS pro rok 2021<\/li><li>Projedn\u00e1n\u00ed zpr\u00e1vy o \u010dinnosti revizora KAS<\/li><li>Projedn\u00e1n\u00ed zpr\u00e1vy o \u010dinnosti PKAS<\/li><\/ul>\n\n\n\n<p>V\u0161ichni \u010dleni (AK\/AO) PKAS obdr\u017e\u00ed nejpozd\u011bji 7 dn\u00ed p\u0159ed VH podklady pro v\u00fd\u0161e uveden\u00e9 body voleb VH.<\/p>\n\n\n\n<div class=\"wp-block-image\"><figure class=\"aligncenter size-large\"><img loading=\"lazy\" decoding=\"async\" width=\"150\" height=\"150\" src=\"http:\/\/pkas.cz\/wp-content\/uploads\/2020\/01\/PKAS_square-e1582581538755.png\" alt=\"\" class=\"wp-image-719\"\/><\/figure><\/div>\n\n\n\n<p><\/p>\n","protected":false},"excerpt":{"rendered":"<p>V\u00fdzva &#8211; up\u0159esn\u011bn\u00ed m\u00edsta a \u010dasu kon\u00e1n\u00ed Valn\u00e9 hromady PKAS Valn\u00e1 hromada Plze\u0148sk\u00e9ho krajsk\u00e9ho atletick\u00e9ho svazu prob\u011bhne mimo zased\u00e1n\u00ed podle z\u00e1kona \u201eLex COVID\u201c Datum: 26.&hellip;<\/p>\n","protected":false},"author":3,"featured_media":1824,"comment_status":"closed","ping_status":"closed","sticky":false,"template":"","format":"standard","meta":{"footnotes":""},"categories":[1],"tags":[],"jetpack_sharing_enabled":true,"jetpack_featured_media_url":"http:\/\/pkas.cz\/wp-content\/uploads\/2021\/02\/IMG_20200626_171541_1-scaled.jpg","_links":{"self":[{"href":"http:\/\/pkas.cz\/index.php?rest_route=\/wp\/v2\/posts\/1854"}],"collection":[{"href":"http:\/\/pkas.cz\/index.php?rest_route=\/wp\/v2\/posts"}],"about":[{"href":"http:\/\/pkas.cz\/index.php?rest_route=\/wp\/v2\/types\/post"}],"author":[{"embeddable":true,"href":"http:\/\/pkas.cz\/index.php?rest_route=\/wp\/v2\/users\/3"}],"replies":[{"embeddable":true,"href":"http:\/\/pkas.cz\/index.php?rest_route=%2Fwp%2Fv2%2Fcomments&post=1854"}],"version-history":[{"count":1,"href":"http:\/\/pkas.cz\/index.php?rest_route=\/wp\/v2\/posts\/1854\/revisions"}],"predecessor-version":[{"id":1855,"href":"http:\/\/pkas.cz\/index.php?rest_route=\/wp\/v2\/posts\/1854\/revisions\/1855"}],"wp:featuredmedia":[{"embeddable":true,"href":"http:\/\/pkas.cz\/index.php?rest_route=\/wp\/v2\/media\/1824"}],"wp:attachment":[{"href":"http:\/\/pkas.cz\/index.php?rest_route=%2Fwp%2Fv2%2Fmedia&parent=1854"}],"wp:term":[{"taxonomy":"category","embeddable":true,"href":"http:\/\/pkas.cz\/index.php?rest_route=%2Fwp%2Fv2%2Fcategories&post=1854"},{"taxonomy":"post_tag","embeddable":true,"href":"http:\/\/pkas.cz\/index.php?rest_route=%2Fwp%2Fv2%2Ftags&post=1854"}],"curies":[{"name":"wp","href":"https:\/\/api.w.org\/{rel}","templated":true}]}}