{"id":17,"date":"2019-07-14T11:28:23","date_gmt":"2019-07-14T09:28:23","guid":{"rendered":"http:\/\/pkas.cz\/?p=17"},"modified":"2019-09-01T10:57:40","modified_gmt":"2019-09-01T08:57:40","slug":"gyor-patril-nasim-juniorskym-zavodnikum","status":"publish","type":"post","link":"http:\/\/pkas.cz\/?p=17","title":{"rendered":"Gy\u00f6r pat\u0159il na\u0161im juniorsk\u00fdm z\u00e1vodn\u00edk\u016fm"},"content":{"rendered":"\n<h1 class=\"wp-block-heading\" style=\"text-align:center\">Gy\u00f6r pat\u0159il na\u0161im juniorsk\u00fdm z\u00e1vodn\u00edk\u016fm<\/h1>\n\n\n\n<figure class=\"wp-block-image\"><img loading=\"lazy\" decoding=\"async\" width=\"1024\" height=\"1024\" src=\"http:\/\/pkas.cz\/wp-content\/uploads\/2019\/07\/66343255_2291070984307934_8495395159154884608_o-1024x1024.jpg\" alt=\"ucastnici mu gyor\" class=\"wp-image-18\" srcset=\"http:\/\/pkas.cz\/wp-content\/uploads\/2019\/07\/66343255_2291070984307934_8495395159154884608_o-1024x1024.jpg 1024w, http:\/\/pkas.cz\/wp-content\/uploads\/2019\/07\/66343255_2291070984307934_8495395159154884608_o-150x150.jpg 150w, http:\/\/pkas.cz\/wp-content\/uploads\/2019\/07\/66343255_2291070984307934_8495395159154884608_o-300x300.jpg 300w, http:\/\/pkas.cz\/wp-content\/uploads\/2019\/07\/66343255_2291070984307934_8495395159154884608_o-768x768.jpg 768w, http:\/\/pkas.cz\/wp-content\/uploads\/2019\/07\/66343255_2291070984307934_8495395159154884608_o.jpg 1080w\" sizes=\"(max-width: 1024px) 100vw, 1024px\" \/><figcaption>\u0160kodov\u00e1ci reprezentuj\u00edc\u00ed na MU v Gy\u00f6ru. Zleva: Michal Forejt, Linda Such\u00e1, Filip Li\u010dman, Linda Hettlerov\u00e1, Tereza Schejbalov\u00e1, Jakub Forejt<\/figcaption><\/figure>\n\n\n\n<p><em>zdroj fotografie atletika.cz, AK \u0160KOD<\/em>A<\/p>\n\n\n\n<p><strong>Gy\u00f6r &#8211; MU U20<\/strong>&nbsp;&#8211; skupina na\u0161ich junior\u016f, jako kdyby ladila postupn\u011b k \u0161ampion\u00e1tu na severu Evropy, a tak v posledn\u00edm testu p\u0159ed bl\u00ed\u017e\u00edm se \u0161ampion\u00e1tem uk\u00e1zala svoji s\u00edlu.&nbsp;<strong>Jakub Forejt<\/strong>&nbsp;i jeho dvoj\u010de&nbsp;<strong>Michal Forejt<\/strong>&nbsp;sv\u00e9 juniorsk\u00e9 n\u00e1\u010din\u00ed poslali za 61 metr\u016f a byli z toho nejen dva osobn\u00ed rekordy, ale i druh\u00e9 a t\u0159et\u00ed m\u00edsto v pr\u016fb\u011b\u017en\u00fdch evropsk\u00fdch tabulk\u00e1ch!&nbsp;<br>Linda Hettletov\u00e1 m\u011bla spln\u011bn\u00fd limit se \u0161tafetou na 4x100m. Po Mezist\u00e1tku si zajistila limitem start i v individu\u00e1ln\u00edch discipl\u00edn\u011b na 200m, v\u00fdkonem 24,07s p\u0159esn\u011b vyhov\u011bla nomina\u010dn\u00edm krit\u00e9ri\u00edm. Linda byla sou\u010d\u00e1st\u00ed i \u0161tafety na 4x100m, bohu\u017eel, ale d\u011bv\u010data svoji misi nedokon\u010dila.<br>Doslova megaskoky v pod\u00e1n\u00ed&nbsp;<strong>Lindy Such\u00e9<\/strong>&nbsp;pokazil jen v\u00edtr v z\u00e1dech (+3,9m\/s), jinak 643 cm pat\u0159\u00ed ji\u017e kvalitativn\u011b mezi v\u00fdkony seniorsk\u00e9 kategorie.&nbsp;<br>Nov\u00fdm osobn\u00edm v\u00fdkonem se prezentovala v ty\u010dce&nbsp;<strong>Tereza Schejbalov\u00e1<\/strong>, kdy\u017e p\u0159el\u00e9tla 405 cm.<br>Spokojen mohl b\u00fdt s v\u00fdkonem&nbsp;<strong>Filip Li\u010dman<\/strong>, kter\u00fd si zab\u011bhl leto\u0161n\u00ed nejlep\u0161\u00ed v\u00fdkon 51,86s, bohu\u017eel o setinu v z\u00e1vod\u011b prohr\u00e1l se sv\u00fdm rivalem s Ma\u010farska.&nbsp;<br>V\u0161echny v\u00fd\u0161e jmenovan\u00e9 z\u00e1vodn\u00edky uvid\u00edme i na ME za dva t\u00fddny ve \u0160v\u00e9dsku. O limit se pokou\u0161el i&nbsp;<strong>Jan \u0160tefela<\/strong>, ale i tentokr\u00e1t limit odolal, a tak si veze &#8222;pouze&#8220; v\u00edt\u011bzstv\u00ed za 208cm.<br>V\u00ddSLEDKY Z MU i s lekc\u00ed atletick\u00fdch discipl\u00edn v Ma\u010far\u0161tin\u011b&nbsp;<a href=\"https:\/\/atletika.hu\/live-results\/511?fbclid=IwAR3LfhumcMJB-sVD1mcwt6kTeB7RxZc8S05GowG-rVFn_9Ou3O8j2YGtbSo\">ZDE<\/a><\/p>\n","protected":false},"excerpt":{"rendered":"<p>Gy\u00f6r pat\u0159il na\u0161im juniorsk\u00fdm z\u00e1vodn\u00edk\u016fm zdroj fotografie atletika.cz, AK \u0160KODA Gy\u00f6r &#8211; MU U20&nbsp;&#8211; skupina na\u0161ich junior\u016f, jako kdyby ladila postupn\u011b k \u0161ampion\u00e1tu na severu&hellip;<\/p>\n","protected":false},"author":1,"featured_media":18,"comment_status":"open","ping_status":"open","sticky":false,"template":"","format":"standard","meta":{"footnotes":""},"categories":[1],"tags":[],"jetpack_sharing_enabled":true,"jetpack_featured_media_url":"http:\/\/pkas.cz\/wp-content\/uploads\/2019\/07\/66343255_2291070984307934_8495395159154884608_o.jpg","_links":{"self":[{"href":"http:\/\/pkas.cz\/index.php?rest_route=\/wp\/v2\/posts\/17"}],"collection":[{"href":"http:\/\/pkas.cz\/index.php?rest_route=\/wp\/v2\/posts"}],"about":[{"href":"http:\/\/pkas.cz\/index.php?rest_route=\/wp\/v2\/types\/post"}],"author":[{"embeddable":true,"href":"http:\/\/pkas.cz\/index.php?rest_route=\/wp\/v2\/users\/1"}],"replies":[{"embeddable":true,"href":"http:\/\/pkas.cz\/index.php?rest_route=%2Fwp%2Fv2%2Fcomments&post=17"}],"version-history":[{"count":3,"href":"http:\/\/pkas.cz\/index.php?rest_route=\/wp\/v2\/posts\/17\/revisions"}],"predecessor-version":[{"id":310,"href":"http:\/\/pkas.cz\/index.php?rest_route=\/wp\/v2\/posts\/17\/revisions\/310"}],"wp:featuredmedia":[{"embeddable":true,"href":"http:\/\/pkas.cz\/index.php?rest_route=\/wp\/v2\/media\/18"}],"wp:attachment":[{"href":"http:\/\/pkas.cz\/index.php?rest_route=%2Fwp%2Fv2%2Fmedia&parent=17"}],"wp:term":[{"taxonomy":"category","embeddable":true,"href":"http:\/\/pkas.cz\/index.php?rest_route=%2Fwp%2Fv2%2Fcategories&post=17"},{"taxonomy":"post_tag","embeddable":true,"href":"http:\/\/pkas.cz\/index.php?rest_route=%2Fwp%2Fv2%2Ftags&post=17"}],"curies":[{"name":"wp","href":"https:\/\/api.w.org\/{rel}","templated":true}]}}