{"id":1652,"date":"2020-12-09T11:44:57","date_gmt":"2020-12-09T10:44:57","guid":{"rendered":"http:\/\/pkas.cz\/?p=1652"},"modified":"2020-12-09T11:45:00","modified_gmt":"2020-12-09T10:45:00","slug":"terminy-halovych-zavodu-pro-plzensky-krajsky-atleticky-svaz","status":"publish","type":"post","link":"http:\/\/pkas.cz\/?p=1652","title":{"rendered":"Term\u00edny halov\u00fdch z\u00e1vod\u016f pro Plze\u0148sk\u00fd krajsk\u00fd atletick\u00fd svaz"},"content":{"rendered":"\n<h2 class=\"wp-block-heading\">Term\u00edny halov\u00fdch z\u00e1vod\u016f pro Plze\u0148sk\u00fd krajsk\u00fd atletick\u00fd svaz<\/h2>\n\n\n\n<p>Term\u00edny pro halovou sezonu 2021 jsou v rezervovan\u00e9. Realizaci z\u00e1vod\u016f budeme vyhodnocovat podle aktu\u00e1ln\u00edch vl\u00e1dn\u00edch na\u0159\u00edzen\u00edch. <\/p>\n\n\n\n<p><strong>Term\u00edny: <\/strong><\/p>\n\n\n\n<ul><li>17. 1.,\u00a0Mistrovstv\u00ed Plze\u0148sk\u00e9ho kraje mu\u017e\u016f, \u017een, junior\u016f, juniorek, dorostenc\u016f, dorostenek,\u00a0Praha &#8211; Stromovka , Plze\u0148sk\u00fd KAS<\/li><li>21. 2.,\u00a0Mistrovstv\u00ed Plze\u0148sk\u00e9ho kraje star\u0161\u00edch \u017e\u00e1k\u016f, star\u0161\u00edch \u017e\u00e1ky\u0148, mlad\u0161\u00edch \u017e\u00e1k\u016f a mlad\u0161\u00edch \u017e\u00e1ky\u0148,\u00a0Praha &#8211; Stromovka , Plze\u0148sk\u00fd KAS<\/li><li>6. 3.,\u00a0Uzav\u0159en\u00e9 mistrovstv\u00ed Plze\u0148sk\u00e9ho kraje p\u0159ed\u017eactva,\u00a0Praha &#8211; Strahov , Plze\u0148sk\u00fd KAS<\/li><\/ul>\n\n\n\n<p><\/p>\n","protected":false},"excerpt":{"rendered":"<p>Term\u00edny halov\u00fdch z\u00e1vod\u016f pro Plze\u0148sk\u00fd krajsk\u00fd atletick\u00fd svaz Term\u00edny pro halovou sezonu 2021 jsou v rezervovan\u00e9. Realizaci z\u00e1vod\u016f budeme vyhodnocovat podle aktu\u00e1ln\u00edch vl\u00e1dn\u00edch na\u0159\u00edzen\u00edch. Term\u00edny:&hellip;<\/p>\n","protected":false},"author":3,"featured_media":1653,"comment_status":"closed","ping_status":"closed","sticky":false,"template":"","format":"standard","meta":{"footnotes":""},"categories":[1],"tags":[],"jetpack_sharing_enabled":true,"jetpack_featured_media_url":"http:\/\/pkas.cz\/wp-content\/uploads\/2020\/12\/blizi-se-mistrovstvi-cr-v-atletice-skodovka-ma-medailove-ambice_denik-630-16x9-1.jpg","_links":{"self":[{"href":"http:\/\/pkas.cz\/index.php?rest_route=\/wp\/v2\/posts\/1652"}],"collection":[{"href":"http:\/\/pkas.cz\/index.php?rest_route=\/wp\/v2\/posts"}],"about":[{"href":"http:\/\/pkas.cz\/index.php?rest_route=\/wp\/v2\/types\/post"}],"author":[{"embeddable":true,"href":"http:\/\/pkas.cz\/index.php?rest_route=\/wp\/v2\/users\/3"}],"replies":[{"embeddable":true,"href":"http:\/\/pkas.cz\/index.php?rest_route=%2Fwp%2Fv2%2Fcomments&post=1652"}],"version-history":[{"count":1,"href":"http:\/\/pkas.cz\/index.php?rest_route=\/wp\/v2\/posts\/1652\/revisions"}],"predecessor-version":[{"id":1654,"href":"http:\/\/pkas.cz\/index.php?rest_route=\/wp\/v2\/posts\/1652\/revisions\/1654"}],"wp:featuredmedia":[{"embeddable":true,"href":"http:\/\/pkas.cz\/index.php?rest_route=\/wp\/v2\/media\/1653"}],"wp:attachment":[{"href":"http:\/\/pkas.cz\/index.php?rest_route=%2Fwp%2Fv2%2Fmedia&parent=1652"}],"wp:term":[{"taxonomy":"category","embeddable":true,"href":"http:\/\/pkas.cz\/index.php?rest_route=%2Fwp%2Fv2%2Fcategories&post=1652"},{"taxonomy":"post_tag","embeddable":true,"href":"http:\/\/pkas.cz\/index.php?rest_route=%2Fwp%2Fv2%2Ftags&post=1652"}],"curies":[{"name":"wp","href":"https:\/\/api.w.org\/{rel}","templated":true}]}}