{"id":1634,"date":"2020-11-30T13:06:34","date_gmt":"2020-11-30T12:06:34","guid":{"rendered":"http:\/\/pkas.cz\/?p=1634"},"modified":"2020-11-30T13:17:08","modified_gmt":"2020-11-30T12:17:08","slug":"v-sobotu-probehne-mistrovstvi-plzenskeho-kraje-v-prespolnim-behu","status":"publish","type":"post","link":"http:\/\/pkas.cz\/?p=1634","title":{"rendered":"V sobotu prob\u011bhne Mistrovstv\u00ed Plze\u0148sk\u00e9ho kraje v p\u0159espoln\u00edm b\u011bhu"},"content":{"rendered":"\n<h2 class=\"wp-block-heading\">V sobotu prob\u011bhne Mistrovstv\u00ed Plze\u0148sk\u00e9ho kraje v p\u0159espoln\u00edm b\u011bhu<\/h2>\n\n\n\n<p class=\"has-text-align-justify\">Krajsk\u00e9 mistrovstv\u00ed prob\u011bhne v sobotu 5. 12. v obci Pl\u00edskov u Zbirohu. Sv\u00e9 s\u00edly pom\u011b\u0159\u00ed kategorie mlad\u0161\u00edho \u017eactva a star\u0161\u00ed. Mlad\u0161\u00ed kategorie p\u0159ed\u017eactva nebyla letos za\u0159azena z d\u016fvodu dodr\u017een\u00ed po\u010dtu osob v are\u00e1lu. <br>Prvn\u00ed kategorie, mlad\u0161\u00ed \u017eactvo, vyraz\u00ed na tra\u0165 v deset hodin a dvacet minut. Po\u0159adatelem mistrovstv\u00ed je frama Ekl, obec Pl\u00edskov a Plze\u0148sk\u00fd krajsk\u00fd atletick\u00fd svaz. <\/p>\n\n\n\n<p>Propozice naleznete <a href=\"http:\/\/pkas.cz\/wp-content\/uploads\/2020\/11\/Beh-Bukovem-Krajske-mistrovstvi-Plzenskeho-kraje.pdf\">zde.<\/a><\/p>\n\n\n\n<figure class=\"wp-block-image alignwide size-large\"><img loading=\"lazy\" decoding=\"async\" width=\"1024\" height=\"682\" src=\"http:\/\/pkas.cz\/wp-content\/uploads\/2020\/11\/buk-2-1024x682.jpg\" alt=\"\" class=\"wp-image-1630\" srcset=\"http:\/\/pkas.cz\/wp-content\/uploads\/2020\/11\/buk-2-1024x682.jpg 1024w, http:\/\/pkas.cz\/wp-content\/uploads\/2020\/11\/buk-2-300x200.jpg 300w, http:\/\/pkas.cz\/wp-content\/uploads\/2020\/11\/buk-2-768x512.jpg 768w, http:\/\/pkas.cz\/wp-content\/uploads\/2020\/11\/buk-2-391x260.jpg 391w, http:\/\/pkas.cz\/wp-content\/uploads\/2020\/11\/buk-2-1536x1024.jpg 1536w, http:\/\/pkas.cz\/wp-content\/uploads\/2020\/11\/buk-2.jpg 2000w\" sizes=\"(max-width: 1024px) 100vw, 1024px\" \/><figcaption>B\u011bh Bukovem, 2018<\/figcaption><\/figure>\n\n\n\n<figure class=\"wp-block-image alignwide size-large\"><img loading=\"lazy\" decoding=\"async\" width=\"1024\" height=\"682\" src=\"http:\/\/pkas.cz\/wp-content\/uploads\/2020\/11\/Buk-1-1024x682.jpg\" alt=\"\" class=\"wp-image-1629\" srcset=\"http:\/\/pkas.cz\/wp-content\/uploads\/2020\/11\/Buk-1-1024x682.jpg 1024w, http:\/\/pkas.cz\/wp-content\/uploads\/2020\/11\/Buk-1-300x200.jpg 300w, http:\/\/pkas.cz\/wp-content\/uploads\/2020\/11\/Buk-1-768x512.jpg 768w, http:\/\/pkas.cz\/wp-content\/uploads\/2020\/11\/Buk-1-391x260.jpg 391w, http:\/\/pkas.cz\/wp-content\/uploads\/2020\/11\/Buk-1-1536x1024.jpg 1536w, http:\/\/pkas.cz\/wp-content\/uploads\/2020\/11\/Buk-1.jpg 2000w\" sizes=\"(max-width: 1024px) 100vw, 1024px\" \/><figcaption>B\u011bh Bukovem, 2018<\/figcaption><\/figure>\n\n\n\n<figure class=\"wp-block-image alignwide size-large\"><img loading=\"lazy\" decoding=\"async\" width=\"1024\" height=\"682\" src=\"http:\/\/pkas.cz\/wp-content\/uploads\/2020\/11\/buk-4-1024x682.jpg\" alt=\"\" class=\"wp-image-1632\" srcset=\"http:\/\/pkas.cz\/wp-content\/uploads\/2020\/11\/buk-4-1024x682.jpg 1024w, http:\/\/pkas.cz\/wp-content\/uploads\/2020\/11\/buk-4-300x200.jpg 300w, http:\/\/pkas.cz\/wp-content\/uploads\/2020\/11\/buk-4-768x512.jpg 768w, http:\/\/pkas.cz\/wp-content\/uploads\/2020\/11\/buk-4-391x260.jpg 391w, http:\/\/pkas.cz\/wp-content\/uploads\/2020\/11\/buk-4-1536x1024.jpg 1536w, http:\/\/pkas.cz\/wp-content\/uploads\/2020\/11\/buk-4.jpg 2000w\" sizes=\"(max-width: 1024px) 100vw, 1024px\" \/><figcaption>B\u011bh Bukovem, 2018<\/figcaption><\/figure>\n\n\n\n<figure class=\"wp-block-image alignwide size-large\"><img loading=\"lazy\" decoding=\"async\" width=\"1024\" height=\"682\" src=\"http:\/\/pkas.cz\/wp-content\/uploads\/2020\/11\/buk-3-1024x682.jpg\" alt=\"\" class=\"wp-image-1631\" srcset=\"http:\/\/pkas.cz\/wp-content\/uploads\/2020\/11\/buk-3-1024x682.jpg 1024w, http:\/\/pkas.cz\/wp-content\/uploads\/2020\/11\/buk-3-300x200.jpg 300w, http:\/\/pkas.cz\/wp-content\/uploads\/2020\/11\/buk-3-768x512.jpg 768w, http:\/\/pkas.cz\/wp-content\/uploads\/2020\/11\/buk-3-391x260.jpg 391w, http:\/\/pkas.cz\/wp-content\/uploads\/2020\/11\/buk-3-1536x1024.jpg 1536w, http:\/\/pkas.cz\/wp-content\/uploads\/2020\/11\/buk-3.jpg 2000w\" sizes=\"(max-width: 1024px) 100vw, 1024px\" \/><figcaption>B\u011bh Bukovem, 2018<\/figcaption><\/figure>\n\n\n\n<p> <\/p>\n","protected":false},"excerpt":{"rendered":"<p>V sobotu prob\u011bhne Mistrovstv\u00ed Plze\u0148sk\u00e9ho kraje v p\u0159espoln\u00edm b\u011bhu Krajsk\u00e9 mistrovstv\u00ed prob\u011bhne v sobotu 5. 12. v obci Pl\u00edskov u Zbirohu. Sv\u00e9 s\u00edly pom\u011b\u0159\u00ed kategorie&hellip;<\/p>\n","protected":false},"author":3,"featured_media":1629,"comment_status":"closed","ping_status":"closed","sticky":false,"template":"","format":"standard","meta":{"footnotes":""},"categories":[1],"tags":[],"jetpack_sharing_enabled":true,"jetpack_featured_media_url":"http:\/\/pkas.cz\/wp-content\/uploads\/2020\/11\/Buk-1.jpg","_links":{"self":[{"href":"http:\/\/pkas.cz\/index.php?rest_route=\/wp\/v2\/posts\/1634"}],"collection":[{"href":"http:\/\/pkas.cz\/index.php?rest_route=\/wp\/v2\/posts"}],"about":[{"href":"http:\/\/pkas.cz\/index.php?rest_route=\/wp\/v2\/types\/post"}],"author":[{"embeddable":true,"href":"http:\/\/pkas.cz\/index.php?rest_route=\/wp\/v2\/users\/3"}],"replies":[{"embeddable":true,"href":"http:\/\/pkas.cz\/index.php?rest_route=%2Fwp%2Fv2%2Fcomments&post=1634"}],"version-history":[{"count":2,"href":"http:\/\/pkas.cz\/index.php?rest_route=\/wp\/v2\/posts\/1634\/revisions"}],"predecessor-version":[{"id":1636,"href":"http:\/\/pkas.cz\/index.php?rest_route=\/wp\/v2\/posts\/1634\/revisions\/1636"}],"wp:featuredmedia":[{"embeddable":true,"href":"http:\/\/pkas.cz\/index.php?rest_route=\/wp\/v2\/media\/1629"}],"wp:attachment":[{"href":"http:\/\/pkas.cz\/index.php?rest_route=%2Fwp%2Fv2%2Fmedia&parent=1634"}],"wp:term":[{"taxonomy":"category","embeddable":true,"href":"http:\/\/pkas.cz\/index.php?rest_route=%2Fwp%2Fv2%2Fcategories&post=1634"},{"taxonomy":"post_tag","embeddable":true,"href":"http:\/\/pkas.cz\/index.php?rest_route=%2Fwp%2Fv2%2Ftags&post=1634"}],"curies":[{"name":"wp","href":"https:\/\/api.w.org\/{rel}","templated":true}]}}