{"id":1623,"date":"2020-11-26T12:54:30","date_gmt":"2020-11-26T11:54:30","guid":{"rendered":"http:\/\/pkas.cz\/?p=1623"},"modified":"2020-11-26T12:54:33","modified_gmt":"2020-11-26T11:54:33","slug":"atleticka-verejnost-ocekava-nove-vladni-opatreni-prespolni-behy-se-planuji","status":"publish","type":"post","link":"http:\/\/pkas.cz\/?p=1623","title":{"rendered":"Atletick\u00e1 ve\u0159ejnost o\u010dek\u00e1v\u00e1 nov\u00e9 vl\u00e1dn\u00ed opat\u0159en\u00ed. P\u0159espoln\u00ed b\u011bhy se pl\u00e1nuj\u00ed."},"content":{"rendered":"\n<h2 class=\"wp-block-heading\">Atletick\u00e1 ve\u0159ejnost o\u010dek\u00e1v\u00e1 nov\u00e9 vl\u00e1dn\u00ed opat\u0159en\u00ed. P\u0159espoln\u00ed b\u011bhy se pl\u00e1nuj\u00ed.<\/h2>\n\n\n\n<p class=\"has-text-align-justify\">Prvn\u00edm pl\u00e1novan\u00fdm z\u00e1vodem v Plze\u0148sk\u00e9m kraji m\u016f\u017ee b\u00fdt ji\u017e v p\u0159\u00ed\u0161t\u00edm t\u00fddnu Roudensk\u00fd b\u011bh. Organiz\u00e1tor TJ Prazdroj Plze\u0148 zve\u0159ejnil term\u00edn pond\u011bl\u00ed 30. 11. Propozice <a href=\"http:\/\/pkas.cz\/wp-content\/uploads\/2020\/11\/propozice-roudensky-beh-2020.docx\">zde<\/a>. <\/p>\n\n\n\n<figure class=\"wp-block-image alignwide size-large\"><img loading=\"lazy\" decoding=\"async\" width=\"1024\" height=\"576\" src=\"http:\/\/pkas.cz\/wp-content\/uploads\/2020\/11\/rouden-1-1024x576.jpg\" alt=\"\" class=\"wp-image-1624\" srcset=\"http:\/\/pkas.cz\/wp-content\/uploads\/2020\/11\/rouden-1-1024x576.jpg 1024w, http:\/\/pkas.cz\/wp-content\/uploads\/2020\/11\/rouden-1-300x169.jpg 300w, http:\/\/pkas.cz\/wp-content\/uploads\/2020\/11\/rouden-1-768x432.jpg 768w, http:\/\/pkas.cz\/wp-content\/uploads\/2020\/11\/rouden-1-1536x864.jpg 1536w, http:\/\/pkas.cz\/wp-content\/uploads\/2020\/11\/rouden-1.jpg 2016w\" sizes=\"(max-width: 1024px) 100vw, 1024px\" \/><figcaption>foto: Roudensk\u00fd b\u011bh<\/figcaption><\/figure>\n\n\n\n<p class=\"has-text-align-justify\">Ve f\u00e1zi p\u0159\u00edprav je rovn\u011b\u017e Mistrovstv\u00ed Plze\u0148sk\u00e9ho kraje v p\u0159espoln\u00edm b\u011bhu. P\u0159edpokl\u00e1dan\u00fd term\u00edn je p\u0159\u00ed\u0161t\u00ed t\u00fdden, sobota 5. 12. v obci Pl\u00edskov. Plze\u0148sk\u00fd krajsk\u00fd atletick\u00fd svaz p\u0159ipravuje propozice s po\u0159adatelem z\u00e1vodu, panem Ji\u0159\u00edm Eklem.<\/p>\n\n\n\n<p class=\"has-text-align-justify\">Krajsk\u00e9 mistrovstv\u00ed by m\u011blo b\u00fdt p\u0159\u00edpravou pro Mistrovstv\u00ed \u010cesk\u00e9 republiky v p\u0159espoln\u00edm b\u011bhu, kter\u00e9 je napl\u00e1nov\u00e1no na 12. 12. v Praze B\u011bchovic\u00edch. <\/p>\n","protected":false},"excerpt":{"rendered":"<p>Atletick\u00e1 ve\u0159ejnost o\u010dek\u00e1v\u00e1 nov\u00e9 vl\u00e1dn\u00ed opat\u0159en\u00ed. P\u0159espoln\u00ed b\u011bhy se pl\u00e1nuj\u00ed. Prvn\u00edm pl\u00e1novan\u00fdm z\u00e1vodem v Plze\u0148sk\u00e9m kraji m\u016f\u017ee b\u00fdt ji\u017e v p\u0159\u00ed\u0161t\u00edm t\u00fddnu Roudensk\u00fd b\u011bh. Organiz\u00e1tor&hellip;<\/p>\n","protected":false},"author":3,"featured_media":1624,"comment_status":"closed","ping_status":"closed","sticky":false,"template":"","format":"standard","meta":{"footnotes":""},"categories":[1],"tags":[],"jetpack_sharing_enabled":true,"jetpack_featured_media_url":"http:\/\/pkas.cz\/wp-content\/uploads\/2020\/11\/rouden-1.jpg","_links":{"self":[{"href":"http:\/\/pkas.cz\/index.php?rest_route=\/wp\/v2\/posts\/1623"}],"collection":[{"href":"http:\/\/pkas.cz\/index.php?rest_route=\/wp\/v2\/posts"}],"about":[{"href":"http:\/\/pkas.cz\/index.php?rest_route=\/wp\/v2\/types\/post"}],"author":[{"embeddable":true,"href":"http:\/\/pkas.cz\/index.php?rest_route=\/wp\/v2\/users\/3"}],"replies":[{"embeddable":true,"href":"http:\/\/pkas.cz\/index.php?rest_route=%2Fwp%2Fv2%2Fcomments&post=1623"}],"version-history":[{"count":2,"href":"http:\/\/pkas.cz\/index.php?rest_route=\/wp\/v2\/posts\/1623\/revisions"}],"predecessor-version":[{"id":1626,"href":"http:\/\/pkas.cz\/index.php?rest_route=\/wp\/v2\/posts\/1623\/revisions\/1626"}],"wp:featuredmedia":[{"embeddable":true,"href":"http:\/\/pkas.cz\/index.php?rest_route=\/wp\/v2\/media\/1624"}],"wp:attachment":[{"href":"http:\/\/pkas.cz\/index.php?rest_route=%2Fwp%2Fv2%2Fmedia&parent=1623"}],"wp:term":[{"taxonomy":"category","embeddable":true,"href":"http:\/\/pkas.cz\/index.php?rest_route=%2Fwp%2Fv2%2Fcategories&post=1623"},{"taxonomy":"post_tag","embeddable":true,"href":"http:\/\/pkas.cz\/index.php?rest_route=%2Fwp%2Fv2%2Ftags&post=1623"}],"curies":[{"name":"wp","href":"https:\/\/api.w.org\/{rel}","templated":true}]}}